{"id":10297,"date":"2017-05-02T05:51:29","date_gmt":"2017-05-02T03:51:29","guid":{"rendered":"http:\/\/www.sabine-seyffert.de\/blog\/?p=10297"},"modified":"2018-06-27T11:00:22","modified_gmt":"2018-06-27T09:00:22","slug":"diy-bastelidee-fuer-selbst-gemachte-geschenkverpackung-die-olchis-wuenschen-alles-gute-zum-geburtstag","status":"publish","type":"post","link":"https:\/\/www.sabine-seyffert.de\/blog\/diy-bastelidee-fuer-selbst-gemachte-geschenkverpackung-die-olchis-wuenschen-alles-gute-zum-geburtstag\/","title":{"rendered":"DIY &#038; Bastelidee f\u00fcr selbst gemachte Geschenkverpackung: Die Olchis w\u00fcnschen alles Gute zum Geburtstag"},"content":{"rendered":"<p style=\"text-align: justify;\"><img loading=\"lazy\" decoding=\"async\" src=\"https:\/\/ssl-vg03.met.vgwort.de\/na\/f93dec4fc92340a090134b969ac1f6a9\" alt=\"\" width=\"1\" height=\"1\" \/>Kennt ihr die gr\u00fcnen <a href=\"https:\/\/de.wikipedia.org\/wiki\/Die_Olchis\" target=\"_blank\" rel=\"noopener noreferrer\">Olchis<\/a>, die auf einer M\u00fcllhalde leben? Wenn man Kinder hat, kommt man an diesen lustigen Wesen eigentlich nicht wirklich vorbei. Bei uns in den B\u00fccherregalen stapeln sich allerhand B\u00fccher der Olchis und selbst in der Grundschule habe ich als Lesemutter mit den Erstlesern so einigen Olchi Geschichten gelauscht, die f\u00fcr gute Laune gesorgt haben. Eine meiner T\u00f6chter hat mit den Olchis seinerzeit sogar das Lesen gelernt, in dem sie der j\u00fcngeren Schwester aus den B\u00fcchern regelm\u00e4\u00dfig vorgelesen hat.<br \/>\nSo ist es nicht weiter verwunderlich, dass wir f\u00fcr einen Kindergeburtstag ein echtes \u201eOlchi\u201c Geschenk besorgt haben. Und damit das ganze noch olchiger wird, gab es die passende Geschenkverpackung gleich dazu!<\/p>\n<p style=\"text-align: center;\"><a href=\"http:\/\/www.sabine-seyffert.de\/blog\/wp-content\/uploads\/2017\/05\/Geschenk-Olchi-5.jpg\"><img loading=\"lazy\" decoding=\"async\" class=\"alignnone size-full wp-image-10298\" src=\"http:\/\/www.sabine-seyffert.de\/blog\/wp-content\/uploads\/2017\/05\/Geschenk-Olchi-5.jpg\" alt=\"\" width=\"800\" height=\"600\" srcset=\"https:\/\/www.sabine-seyffert.de\/blog\/wp-content\/uploads\/2017\/05\/Geschenk-Olchi-5.jpg 800w, https:\/\/www.sabine-seyffert.de\/blog\/wp-content\/uploads\/2017\/05\/Geschenk-Olchi-5-300x225.jpg 300w, https:\/\/www.sabine-seyffert.de\/blog\/wp-content\/uploads\/2017\/05\/Geschenk-Olchi-5-768x576.jpg 768w\" sizes=\"auto, (max-width: 800px) 100vw, 800px\" \/><\/a><\/p>\n<p style=\"text-align: justify;\"><strong>Das wird gebraucht:<\/strong><br \/>\nUnifarbenes Geschenkpapier, eine Bastelschere, Klebstoff, einen schwarzen Fineliner \/ schwarzer Filzstift, Buchstabenstempel, ein Stempelkissen, ein St\u00fcck gr\u00fcnes Tonpapier, etwas wei\u00dfes Papier<\/p>\n<p style=\"text-align: center;\"><a href=\"http:\/\/www.sabine-seyffert.de\/blog\/wp-content\/uploads\/2017\/05\/Geschenk-Olchi-6.jpg\"><img loading=\"lazy\" decoding=\"async\" class=\"alignnone size-full wp-image-10299\" src=\"http:\/\/www.sabine-seyffert.de\/blog\/wp-content\/uploads\/2017\/05\/Geschenk-Olchi-6.jpg\" alt=\"\" width=\"800\" height=\"600\" srcset=\"https:\/\/www.sabine-seyffert.de\/blog\/wp-content\/uploads\/2017\/05\/Geschenk-Olchi-6.jpg 800w, https:\/\/www.sabine-seyffert.de\/blog\/wp-content\/uploads\/2017\/05\/Geschenk-Olchi-6-300x225.jpg 300w, https:\/\/www.sabine-seyffert.de\/blog\/wp-content\/uploads\/2017\/05\/Geschenk-Olchi-6-768x576.jpg 768w\" sizes=\"auto, (max-width: 800px) 100vw, 800px\" \/><\/a><\/p>\n<p style=\"text-align: justify;\"><strong>So wird\u2019s gemacht:<\/strong><br \/>\nDas Geschenk habe ich zuerst in unifarbenes Geschenkpapier gepackt. Wer dies nicht zur Hand hat, kann alternativ normales Packpapier oder einen Bogen Seidenpapier nehmen, wie man ihn zum Basteln verwendet. Auf gr\u00fcnem Tonpapier habe ich per Hand einen Olchikopf geschnitten und auf das verpackte Pr\u00e4sent geklebt. Frech grinst der Olchi von der Verpackung.<\/p>\n<p style=\"text-align: center;\"><a href=\"http:\/\/www.sabine-seyffert.de\/blog\/wp-content\/uploads\/2017\/05\/Geschenk-Olchi-1.jpg\"><img loading=\"lazy\" decoding=\"async\" class=\"alignnone size-full wp-image-10300\" src=\"http:\/\/www.sabine-seyffert.de\/blog\/wp-content\/uploads\/2017\/05\/Geschenk-Olchi-1.jpg\" alt=\"\" width=\"800\" height=\"600\" srcset=\"https:\/\/www.sabine-seyffert.de\/blog\/wp-content\/uploads\/2017\/05\/Geschenk-Olchi-1.jpg 800w, https:\/\/www.sabine-seyffert.de\/blog\/wp-content\/uploads\/2017\/05\/Geschenk-Olchi-1-300x225.jpg 300w, https:\/\/www.sabine-seyffert.de\/blog\/wp-content\/uploads\/2017\/05\/Geschenk-Olchi-1-768x576.jpg 768w\" sizes=\"auto, (max-width: 800px) 100vw, 800px\" \/><\/a><\/p>\n<p style=\"text-align: justify;\">Da die Olchis aufgrund ihres strengen Geruchs immer gerne von Fliegen umschwirrt werden, gab es auch einen Schwung dieser Insekten dazu. Einfach aus wei\u00dfem Papier kleine Fl\u00fcgel ausschneiden, mit einem Fineliner K\u00f6rper, Kopf und F\u00fc\u00dfe darunter malen \u2013 fertig!<\/p>\n<p style=\"text-align: center;\"><a href=\"http:\/\/www.sabine-seyffert.de\/blog\/wp-content\/uploads\/2017\/05\/Geschenk-Olchi-2.jpg\"><img loading=\"lazy\" decoding=\"async\" class=\"alignnone size-full wp-image-10301\" src=\"http:\/\/www.sabine-seyffert.de\/blog\/wp-content\/uploads\/2017\/05\/Geschenk-Olchi-2.jpg\" alt=\"\" width=\"800\" height=\"600\" srcset=\"https:\/\/www.sabine-seyffert.de\/blog\/wp-content\/uploads\/2017\/05\/Geschenk-Olchi-2.jpg 800w, https:\/\/www.sabine-seyffert.de\/blog\/wp-content\/uploads\/2017\/05\/Geschenk-Olchi-2-300x225.jpg 300w, https:\/\/www.sabine-seyffert.de\/blog\/wp-content\/uploads\/2017\/05\/Geschenk-Olchi-2-768x576.jpg 768w\" sizes=\"auto, (max-width: 800px) 100vw, 800px\" \/><\/a><\/p>\n<p style=\"text-align: justify;\">Damit das Geschenk nicht so leer ausschaut, habe ich mit den Buchstabenstempeln noch \u201eAlles Gute zum Gefurztag\u201c gestuckt, wie es ein waschechter Olchi nun mal so w\u00fcnschen w\u00fcrde \ud83d\ude09<\/p>\n<p style=\"text-align: center;\"><a href=\"http:\/\/www.sabine-seyffert.de\/blog\/wp-content\/uploads\/2017\/05\/Geschenk-Olchi-3.jpg\"><img loading=\"lazy\" decoding=\"async\" class=\"alignnone size-full wp-image-10302\" src=\"http:\/\/www.sabine-seyffert.de\/blog\/wp-content\/uploads\/2017\/05\/Geschenk-Olchi-3.jpg\" alt=\"\" width=\"800\" height=\"600\" srcset=\"https:\/\/www.sabine-seyffert.de\/blog\/wp-content\/uploads\/2017\/05\/Geschenk-Olchi-3.jpg 800w, https:\/\/www.sabine-seyffert.de\/blog\/wp-content\/uploads\/2017\/05\/Geschenk-Olchi-3-300x225.jpg 300w, https:\/\/www.sabine-seyffert.de\/blog\/wp-content\/uploads\/2017\/05\/Geschenk-Olchi-3-768x576.jpg 768w\" sizes=\"auto, (max-width: 800px) 100vw, 800px\" \/><\/a><\/p>\n<p style=\"text-align: justify;\">Weitere Bastelanleitungen f\u00fcr selbst gemachte Geschenkverpackungen findet ihr \u00fcbrigens in <a href=\"http:\/\/www.sabine-seyffert.de\/blog\/category\/verpackungsideen\/\" target=\"_blank\" rel=\"noopener noreferrer\">dieser Rubrik<\/a>, ein leckeres Rezept mit \u201eolchiger\u201c Nudel-So\u00dfe <a href=\"http:\/\/www.sabine-seyffert.de\/blog\/olchi-schleim-oder-das-lieblingsfamilienessen-nudeln-mit-gruener-erbsen-sosse\/\" target=\"_blank\" rel=\"noopener noreferrer\">dort<\/a> und andere kreative Dinge <a href=\"http:\/\/www.creadienstag.de\/2017\/04\/277.html\" target=\"_blank\" rel=\"noopener noreferrer\">da<\/a>.<\/p>\n<p style=\"text-align: center;\"><a href=\"http:\/\/www.sabine-seyffert.de\/blog\/wp-content\/uploads\/2017\/05\/Geschenk-Olchi-4.jpg\"><img loading=\"lazy\" decoding=\"async\" class=\"alignnone size-full wp-image-10303\" src=\"http:\/\/www.sabine-seyffert.de\/blog\/wp-content\/uploads\/2017\/05\/Geschenk-Olchi-4.jpg\" alt=\"\" width=\"800\" height=\"600\" srcset=\"https:\/\/www.sabine-seyffert.de\/blog\/wp-content\/uploads\/2017\/05\/Geschenk-Olchi-4.jpg 800w, https:\/\/www.sabine-seyffert.de\/blog\/wp-content\/uploads\/2017\/05\/Geschenk-Olchi-4-300x225.jpg 300w, https:\/\/www.sabine-seyffert.de\/blog\/wp-content\/uploads\/2017\/05\/Geschenk-Olchi-4-768x576.jpg 768w\" sizes=\"auto, (max-width: 800px) 100vw, 800px\" \/><\/a><\/p>\n<p style=\"text-align: justify;\">Ein ganz lieber Dank geht an den kreativen Sch\u00f6pfer und Autor der Olchis, <a href=\"https:\/\/de.wikipedia.org\/wiki\/Erhard_Dietl\" target=\"_blank\" rel=\"noopener noreferrer\">Erhard Dietl<\/a>, der mir auf meine Anfrage netterweise sofort erlaubt hat seine Olchis als \u201eVorlage\u201c f\u00fcr diese Bastelidee zu verwenden \ud83d\ude42<\/p>\n<p><a href=\"http:\/\/www.sabine-seyffert.de\/blog\/?page_id=32#urheberrecht\">urheberrechtlich gesch\u00fctzt<\/a>, \u00a9 Sabine Seyffert<\/p>\n","protected":false},"excerpt":{"rendered":"<p>Kennt ihr die gr\u00fcnen Olchis, die auf einer M\u00fcllhalde leben? Wenn man Kinder hat, kommt man an diesen lustigen Wesen eigentlich nicht wirklich vorbei. Bei uns in den B\u00fccherregalen stapeln sich allerhand B\u00fccher der Olchis und selbst in der Grundschule habe ich als Lesemutter mit den Erstlesern so einigen Olchi Geschichten gelauscht, die f\u00fcr gute&#8230; <a href=\"https:\/\/www.sabine-seyffert.de\/blog\/diy-bastelidee-fuer-selbst-gemachte-geschenkverpackung-die-olchis-wuenschen-alles-gute-zum-geburtstag\/\" class=\"more-link\">Read more: DIY &#038; Bastelidee f\u00fcr selbst gemachte Geschenkverpackung: Die Olchis w\u00fcnschen alles Gute zum Geburtstag<\/a><\/p>\n","protected":false},"author":2,"featured_media":0,"comment_status":"open","ping_status":"open","sticky":false,"template":"","format":"standard","meta":{"_metis_text_type":"","_metis_text_length":2191,"_post_count":0,"footnotes":""},"categories":[20,49],"tags":[],"class_list":["post-10297","post","type-post","status-publish","format-standard","hentry","category-bucher","category-verpackungsideen"],"_links":{"self":[{"href":"https:\/\/www.sabine-seyffert.de\/blog\/wp-json\/wp\/v2\/posts\/10297","targetHints":{"allow":["GET"]}}],"collection":[{"href":"https:\/\/www.sabine-seyffert.de\/blog\/wp-json\/wp\/v2\/posts"}],"about":[{"href":"https:\/\/www.sabine-seyffert.de\/blog\/wp-json\/wp\/v2\/types\/post"}],"author":[{"embeddable":true,"href":"https:\/\/www.sabine-seyffert.de\/blog\/wp-json\/wp\/v2\/users\/2"}],"replies":[{"embeddable":true,"href":"https:\/\/www.sabine-seyffert.de\/blog\/wp-json\/wp\/v2\/comments?post=10297"}],"version-history":[{"count":5,"href":"https:\/\/www.sabine-seyffert.de\/blog\/wp-json\/wp\/v2\/posts\/10297\/revisions"}],"predecessor-version":[{"id":12927,"href":"https:\/\/www.sabine-seyffert.de\/blog\/wp-json\/wp\/v2\/posts\/10297\/revisions\/12927"}],"wp:attachment":[{"href":"https:\/\/www.sabine-seyffert.de\/blog\/wp-json\/wp\/v2\/media?parent=10297"}],"wp:term":[{"taxonomy":"category","embeddable":true,"href":"https:\/\/www.sabine-seyffert.de\/blog\/wp-json\/wp\/v2\/categories?post=10297"},{"taxonomy":"post_tag","embeddable":true,"href":"https:\/\/www.sabine-seyffert.de\/blog\/wp-json\/wp\/v2\/tags?post=10297"}],"curies":[{"name":"wp","href":"https:\/\/api.w.org\/{rel}","templated":true}]}}