{"id":10221,"date":"2017-04-21T06:21:56","date_gmt":"2017-04-21T04:21:56","guid":{"rendered":"http:\/\/www.sabine-seyffert.de\/blog\/?p=10221"},"modified":"2017-04-21T06:21:56","modified_gmt":"2017-04-21T04:21:56","slug":"heute-regen-morgen-sonne-und-meine-insel-der-stille-entspannungsgeschichten-fuer-kinder","status":"publish","type":"post","link":"https:\/\/www.sabine-seyffert.de\/blog\/heute-regen-morgen-sonne-und-meine-insel-der-stille-entspannungsgeschichten-fuer-kinder\/","title":{"rendered":"Heute Regen, morgen Sonne und meine Insel der Stille \u2013 Entspannungsgeschichten f\u00fcr Kinder"},"content":{"rendered":"<p style=\"text-align: justify;\"><img loading=\"lazy\" decoding=\"async\" src=\"https:\/\/ssl-vg03.met.vgwort.de\/na\/b08bb035445e4071bb5d5378fab31c98\" alt=\"\" width=\"1\" height=\"1\" \/>Aus aktuellem Anlass gibt es heute mal einen kleinen Bericht zum Thema <a href=\"http:\/\/www.sabine-seyffert.de\/blog\/category\/fantasiereisen\/\" target=\"_blank\" rel=\"noopener noreferrer\">Entspannungsgeschichten<\/a> f\u00fcr Kinder beziehungsweise zu meinen beiden B\u00fcchern aus dem <a href=\"http:\/\/www.arena-verlag.de\/helden\/sabine-seyffert\" target=\"_blank\" rel=\"noopener noreferrer\">Arena Verlag<\/a>. Der Band \u201e<span style=\"color: #ff6600;\">Heute Regen, morgen Sonne \u2013 Entspannungsgeschichten f\u00fcr Kinder<\/span>\u201c ist bereits vor 17 Jahren in der Edition B\u00fccherb\u00e4r erschienen. Viele der im Buch enthaltenen Fantasiereisen setzte ich gerne in Fortbildungen f\u00fcr P\u00e4dagogen ein, aber auch den zahlreichen Absolventen der Ausbildungsg\u00e4nge zum Entspannungsp\u00e4dagogen f\u00fcr Kinder sind diese bestens bekannt ;-).<\/p>\n<p style=\"text-align: center;\"><a href=\"http:\/\/www.sabine-seyffert.de\/blog\/wp-content\/uploads\/2017\/04\/Insel-der-Stille.jpg\"><img loading=\"lazy\" decoding=\"async\" class=\"alignnone size-full wp-image-10222\" src=\"http:\/\/www.sabine-seyffert.de\/blog\/wp-content\/uploads\/2017\/04\/Insel-der-Stille.jpg\" alt=\"\" width=\"800\" height=\"600\" srcset=\"https:\/\/www.sabine-seyffert.de\/blog\/wp-content\/uploads\/2017\/04\/Insel-der-Stille.jpg 800w, https:\/\/www.sabine-seyffert.de\/blog\/wp-content\/uploads\/2017\/04\/Insel-der-Stille-300x225.jpg 300w, https:\/\/www.sabine-seyffert.de\/blog\/wp-content\/uploads\/2017\/04\/Insel-der-Stille-768x576.jpg 768w\" sizes=\"auto, (max-width: 800px) 100vw, 800px\" \/><\/a><\/p>\n<p style=\"text-align: justify;\">Was mich ganz besonders freut, das dieses Werk \u00fcber die Grenzen hinweg beliebt ist. Denn in Spanien ist es inzwischen zum zweiten Mal als spanische Lizenzausgabe mit dem Titel \u201e Hoy lluvia, ma\u00f1ana sol: Cuentos para estimular la fantas\u00eda de los ni\u00f1os\u201e erh\u00e4ltlich.<\/p>\n<p style=\"text-align: center;\"><a href=\"http:\/\/www.sabine-seyffert.de\/blog\/wp-content\/uploads\/2017\/04\/Heute-Regen-4.jpg\"><img loading=\"lazy\" decoding=\"async\" class=\"alignnone size-full wp-image-10223\" src=\"http:\/\/www.sabine-seyffert.de\/blog\/wp-content\/uploads\/2017\/04\/Heute-Regen-4.jpg\" alt=\"\" width=\"800\" height=\"600\" srcset=\"https:\/\/www.sabine-seyffert.de\/blog\/wp-content\/uploads\/2017\/04\/Heute-Regen-4.jpg 800w, https:\/\/www.sabine-seyffert.de\/blog\/wp-content\/uploads\/2017\/04\/Heute-Regen-4-300x225.jpg 300w, https:\/\/www.sabine-seyffert.de\/blog\/wp-content\/uploads\/2017\/04\/Heute-Regen-4-768x576.jpg 768w\" sizes=\"auto, (max-width: 800px) 100vw, 800px\" \/><\/a><\/p>\n<p style=\"text-align: justify;\">Da diese Fantasiereisen besonders bei Kindern sehr beliebt sind, ist bereits ein Jahr sp\u00e4ter 2001 Band 2 \u201e<span style=\"color: #ff9900;\">Meine Insel der Stille \u2013 Entspannungsgeschichten f\u00fcr Zappelkinder<\/span>\u201c erschienen. Viele kleine Zuh\u00f6rer haben im Laufe der vielen Jahre mit den Geschichten im Alltag neue Kraft sch\u00f6pfen und zur inneren Ruhe finden k\u00f6nnen. Aber auch zum Abschalten, Tr\u00e4umen, Entspannen und Einschlafen sind solche Entspannungsgeschichten immer wieder eine wertvolle Hilfe, die Kinder dankend annehmen und sich dabei sehr wohlf\u00fchlen.<\/p>\n<p style=\"text-align: center;\"><a href=\"http:\/\/www.sabine-seyffert.de\/blog\/wp-content\/uploads\/2017\/04\/Heute-Regen-3.jpg\"><img loading=\"lazy\" decoding=\"async\" class=\"alignnone size-full wp-image-10224\" src=\"http:\/\/www.sabine-seyffert.de\/blog\/wp-content\/uploads\/2017\/04\/Heute-Regen-3.jpg\" alt=\"\" width=\"800\" height=\"600\" srcset=\"https:\/\/www.sabine-seyffert.de\/blog\/wp-content\/uploads\/2017\/04\/Heute-Regen-3.jpg 800w, https:\/\/www.sabine-seyffert.de\/blog\/wp-content\/uploads\/2017\/04\/Heute-Regen-3-300x225.jpg 300w, https:\/\/www.sabine-seyffert.de\/blog\/wp-content\/uploads\/2017\/04\/Heute-Regen-3-768x576.jpg 768w\" sizes=\"auto, (max-width: 800px) 100vw, 800px\" \/><\/a><\/p>\n<p style=\"text-align: justify;\">In der letzten Zeit bekomme ich immer wieder Anfragen von Lesern, die dieses Buch gerne haben m\u00f6chten und im Buchhandel die Information erhalten, dieser Titel sei nicht mehr lieferbar. Diese Information stimmt nur bedingt, denn es gibt inzwischen eine verg\u00fcnstigte Sonderausgabe mit dem Titel \u201e<a href=\"http:\/\/www.sabine-seyffert.de\/buch1.php?i=73&amp;q=\" target=\"_blank\" rel=\"noopener noreferrer\">Heute Regen, morgen Sonne \u2013 die 50 sch\u00f6nsten Entspannungsgeschichten f\u00fcr Kinder<\/a>\u201c als hochwertige, gebundene Gesamtausgabe. Dieses Buch enth\u00e4lt <strong>beide<\/strong> oben erw\u00e4hnten B\u00fccher: \u201eHeute Regen, morgen Sonne\u201c und das Buch \u201eMeine Insel der Stille\u201c, hat die ISBN Nummer 978-3-401-70188-2 und einen Seitenumfang von 224 Seiten. Die Illustrationen sind von Friederike Spengler.<\/p>\n<p style=\"text-align: center;\"><a href=\"http:\/\/www.sabine-seyffert.de\/blog\/wp-content\/uploads\/2017\/04\/Heute-Regen-2.jpg\"><img loading=\"lazy\" decoding=\"async\" class=\"alignnone size-full wp-image-10225\" src=\"http:\/\/www.sabine-seyffert.de\/blog\/wp-content\/uploads\/2017\/04\/Heute-Regen-2.jpg\" alt=\"\" width=\"800\" height=\"600\" srcset=\"https:\/\/www.sabine-seyffert.de\/blog\/wp-content\/uploads\/2017\/04\/Heute-Regen-2.jpg 800w, https:\/\/www.sabine-seyffert.de\/blog\/wp-content\/uploads\/2017\/04\/Heute-Regen-2-300x225.jpg 300w, https:\/\/www.sabine-seyffert.de\/blog\/wp-content\/uploads\/2017\/04\/Heute-Regen-2-768x576.jpg 768w\" sizes=\"auto, (max-width: 800px) 100vw, 800px\" \/><\/a><\/p>\n<p style=\"text-align: justify;\">Ich hoffe, diese Infos helfen allen interessierten Lesern weiter. In diesem Sinne euch allen auch weiterhin viele, entspannende und wohltuende Momente auf der Insel der Stille!<\/p>\n<p style=\"text-align: center;\"><a href=\"http:\/\/www.sabine-seyffert.de\/blog\/wp-content\/uploads\/2017\/04\/Heute-Regen-1.jpg\"><img loading=\"lazy\" decoding=\"async\" class=\"alignnone size-full wp-image-10226\" src=\"http:\/\/www.sabine-seyffert.de\/blog\/wp-content\/uploads\/2017\/04\/Heute-Regen-1.jpg\" alt=\"\" width=\"800\" height=\"600\" srcset=\"https:\/\/www.sabine-seyffert.de\/blog\/wp-content\/uploads\/2017\/04\/Heute-Regen-1.jpg 800w, https:\/\/www.sabine-seyffert.de\/blog\/wp-content\/uploads\/2017\/04\/Heute-Regen-1-300x225.jpg 300w, https:\/\/www.sabine-seyffert.de\/blog\/wp-content\/uploads\/2017\/04\/Heute-Regen-1-768x576.jpg 768w\" sizes=\"auto, (max-width: 800px) 100vw, 800px\" \/><\/a><\/p>\n<p><a href=\"http:\/\/www.sabine-seyffert.de\/blog\/?page_id=32#urheberrecht\">urheberrechtlich gesch\u00fctzt<\/a>, \u00a9 Sabine Seyffert<\/p>\n","protected":false},"excerpt":{"rendered":"<p>Aus aktuellem Anlass gibt es heute mal einen kleinen Bericht zum Thema Entspannungsgeschichten f\u00fcr Kinder beziehungsweise zu meinen beiden B\u00fcchern aus dem Arena Verlag. Der Band \u201eHeute Regen, morgen Sonne \u2013 Entspannungsgeschichten f\u00fcr Kinder\u201c ist bereits vor 17 Jahren in der Edition B\u00fccherb\u00e4r erschienen. Viele der im Buch enthaltenen Fantasiereisen setzte ich gerne in Fortbildungen&#8230; <a href=\"https:\/\/www.sabine-seyffert.de\/blog\/heute-regen-morgen-sonne-und-meine-insel-der-stille-entspannungsgeschichten-fuer-kinder\/\" class=\"more-link\">Read more: Heute Regen, morgen Sonne und meine Insel der Stille \u2013 Entspannungsgeschichten f\u00fcr Kinder<\/a><\/p>\n","protected":false},"author":2,"featured_media":0,"comment_status":"open","ping_status":"open","sticky":false,"template":"","format":"standard","meta":{"_metis_text_type":"","_metis_text_length":2193,"_post_count":0,"footnotes":""},"categories":[20,4],"tags":[],"class_list":["post-10221","post","type-post","status-publish","format-standard","hentry","category-bucher","category-fantasiereisen"],"_links":{"self":[{"href":"https:\/\/www.sabine-seyffert.de\/blog\/wp-json\/wp\/v2\/posts\/10221","targetHints":{"allow":["GET"]}}],"collection":[{"href":"https:\/\/www.sabine-seyffert.de\/blog\/wp-json\/wp\/v2\/posts"}],"about":[{"href":"https:\/\/www.sabine-seyffert.de\/blog\/wp-json\/wp\/v2\/types\/post"}],"author":[{"embeddable":true,"href":"https:\/\/www.sabine-seyffert.de\/blog\/wp-json\/wp\/v2\/users\/2"}],"replies":[{"embeddable":true,"href":"https:\/\/www.sabine-seyffert.de\/blog\/wp-json\/wp\/v2\/comments?post=10221"}],"version-history":[{"count":4,"href":"https:\/\/www.sabine-seyffert.de\/blog\/wp-json\/wp\/v2\/posts\/10221\/revisions"}],"predecessor-version":[{"id":10230,"href":"https:\/\/www.sabine-seyffert.de\/blog\/wp-json\/wp\/v2\/posts\/10221\/revisions\/10230"}],"wp:attachment":[{"href":"https:\/\/www.sabine-seyffert.de\/blog\/wp-json\/wp\/v2\/media?parent=10221"}],"wp:term":[{"taxonomy":"category","embeddable":true,"href":"https:\/\/www.sabine-seyffert.de\/blog\/wp-json\/wp\/v2\/categories?post=10221"},{"taxonomy":"post_tag","embeddable":true,"href":"https:\/\/www.sabine-seyffert.de\/blog\/wp-json\/wp\/v2\/tags?post=10221"}],"curies":[{"name":"wp","href":"https:\/\/api.w.org\/{rel}","templated":true}]}}