{"id":10207,"date":"2017-04-19T10:49:42","date_gmt":"2017-04-19T08:49:42","guid":{"rendered":"http:\/\/www.sabine-seyffert.de\/blog\/?p=10207"},"modified":"2017-04-19T10:49:42","modified_gmt":"2017-04-19T08:49:42","slug":"diy-fruehlingshaftes-upcycling-bluehender-loewenzahn-fuer-die-post-und-den-bilderrahmen","status":"publish","type":"post","link":"https:\/\/www.sabine-seyffert.de\/blog\/diy-fruehlingshaftes-upcycling-bluehender-loewenzahn-fuer-die-post-und-den-bilderrahmen\/","title":{"rendered":"DIY &#038; fr\u00fchlingshaftes Upcycling: Bl\u00fchender L\u00f6wenzahn f\u00fcr die Post und den Bilderrahmen\u2026"},"content":{"rendered":"<p style=\"text-align: justify;\"><img loading=\"lazy\" decoding=\"async\" src=\"https:\/\/ssl-vg03.met.vgwort.de\/na\/b2997f36b5d44c05b975507c240e4388\" alt=\"\" width=\"1\" height=\"1\" \/>Erinnert ihr euch noch an das Bilderbuch von <a href=\"http:\/\/www.sabine-seyffert.de\/blog\/kommt-mit-aufs-sofa-dann-erzaehle-ich-von-magnus-muemmelgruen-dem-loewenzahn\/\" target=\"_blank\">Magnus M\u00fcmmelgr\u00fcn<\/a>? Das hat uns mit seinen zauberhaften Illustrationen sehr inspiriert. Vielleicht liegt es aber auch am beginnenden Fr\u00fchling, der in mir schlummernde Ideen und neue Kreativit\u00e4t zum Vorschein bringt. Wie dem auch sei \u2013 entstanden ist ein Schwung an saftig gelbem L\u00f6wenzahn, der sich nicht nur eingerahmt wunderbar in Szene setzen l\u00e4sst, sondern auch als kleiner, kreativer Fr\u00fchlingsgru\u00df per Post\u2026<\/p>\n<p style=\"text-align: center;\"><a href=\"http:\/\/www.sabine-seyffert.de\/blog\/wp-content\/uploads\/2017\/04\/Karte-L\u00f6wenzahn.jpg\"><img loading=\"lazy\" decoding=\"async\" class=\"alignnone size-full wp-image-10208\" src=\"http:\/\/www.sabine-seyffert.de\/blog\/wp-content\/uploads\/2017\/04\/Karte-L\u00f6wenzahn.jpg\" alt=\"\" width=\"800\" height=\"600\" srcset=\"https:\/\/www.sabine-seyffert.de\/blog\/wp-content\/uploads\/2017\/04\/Karte-L\u00f6wenzahn.jpg 800w, https:\/\/www.sabine-seyffert.de\/blog\/wp-content\/uploads\/2017\/04\/Karte-L\u00f6wenzahn-300x225.jpg 300w, https:\/\/www.sabine-seyffert.de\/blog\/wp-content\/uploads\/2017\/04\/Karte-L\u00f6wenzahn-768x576.jpg 768w\" sizes=\"auto, (max-width: 800px) 100vw, 800px\" \/><\/a><\/p>\n<p style=\"text-align: justify;\"><strong>Das wird gebraucht:<\/strong><br \/>\nBlanko Postkarten (in meinem Fall aus Kraftpapier), ein Schwung alter Buchseiten, gelber Fotokarton, eine Bastelschere, Klebstoff, wei\u00dfe Watte<\/p>\n<p style=\"text-align: center;\"><a href=\"http:\/\/www.sabine-seyffert.de\/blog\/wp-content\/uploads\/2017\/04\/Karte-L\u00f6wenzahn-7.jpg\"><img loading=\"lazy\" decoding=\"async\" class=\"alignnone size-full wp-image-10209\" src=\"http:\/\/www.sabine-seyffert.de\/blog\/wp-content\/uploads\/2017\/04\/Karte-L\u00f6wenzahn-7.jpg\" alt=\"\" width=\"800\" height=\"600\" srcset=\"https:\/\/www.sabine-seyffert.de\/blog\/wp-content\/uploads\/2017\/04\/Karte-L\u00f6wenzahn-7.jpg 800w, https:\/\/www.sabine-seyffert.de\/blog\/wp-content\/uploads\/2017\/04\/Karte-L\u00f6wenzahn-7-300x225.jpg 300w, https:\/\/www.sabine-seyffert.de\/blog\/wp-content\/uploads\/2017\/04\/Karte-L\u00f6wenzahn-7-768x576.jpg 768w\" sizes=\"auto, (max-width: 800px) 100vw, 800px\" \/><\/a><\/p>\n<p style=\"text-align: justify;\"><strong>So wird\u2019s gemacht:<\/strong><br \/>\nAus dem gelben Fotokarton schneidet man 3-4 Kreise. Diese sollten unterschiedliche Gr\u00f6\u00dfen haben, so dass man diese sp\u00e4ter in einandersetzen und als fertige L\u00f6wenzahnbl\u00fcte aufkleben l\u00e4sst. Jeden Kreis schneidet man ringsherum mit der Schere knapp 0,5 cm tief ein. Die eingeschnittenen Kreisr\u00e4nder klappt man nun nach oben, so dass diese in etwa senkrecht abstehen. Das ist etwas m\u00fchsam, schult jedoch die Motorik der Kinder und sieht zusammengesetzt sehr eindrucksvoll aus, da die gelbe L\u00f6wenzahnbl\u00fcte so recht plastisch wirkt.<\/p>\n<p style=\"text-align: center;\"><a href=\"http:\/\/www.sabine-seyffert.de\/blog\/wp-content\/uploads\/2017\/04\/Karte-L\u00f6wenzahn-6.jpg\"><img loading=\"lazy\" decoding=\"async\" class=\"alignnone size-full wp-image-10210\" src=\"http:\/\/www.sabine-seyffert.de\/blog\/wp-content\/uploads\/2017\/04\/Karte-L\u00f6wenzahn-6.jpg\" alt=\"\" width=\"800\" height=\"600\" srcset=\"https:\/\/www.sabine-seyffert.de\/blog\/wp-content\/uploads\/2017\/04\/Karte-L\u00f6wenzahn-6.jpg 800w, https:\/\/www.sabine-seyffert.de\/blog\/wp-content\/uploads\/2017\/04\/Karte-L\u00f6wenzahn-6-300x225.jpg 300w, https:\/\/www.sabine-seyffert.de\/blog\/wp-content\/uploads\/2017\/04\/Karte-L\u00f6wenzahn-6-768x576.jpg 768w\" sizes=\"auto, (max-width: 800px) 100vw, 800px\" \/><\/a><\/p>\n<p style=\"text-align: justify;\">Als Bl\u00fctenstengel schneidet man aus einer alten Buchseite einen Stiel und aus dem beschrifteten Teil der Buchseite schneidet man einige L\u00f6wenzahnbl\u00e4tter.<\/p>\n<p style=\"text-align: center;\"><a href=\"http:\/\/www.sabine-seyffert.de\/blog\/wp-content\/uploads\/2017\/04\/Karte-L\u00f6wenzahn-2.jpg\"><img loading=\"lazy\" decoding=\"async\" class=\"alignnone size-full wp-image-10215\" src=\"http:\/\/www.sabine-seyffert.de\/blog\/wp-content\/uploads\/2017\/04\/Karte-L\u00f6wenzahn-2.jpg\" alt=\"\" width=\"800\" height=\"600\" srcset=\"https:\/\/www.sabine-seyffert.de\/blog\/wp-content\/uploads\/2017\/04\/Karte-L\u00f6wenzahn-2.jpg 800w, https:\/\/www.sabine-seyffert.de\/blog\/wp-content\/uploads\/2017\/04\/Karte-L\u00f6wenzahn-2-300x225.jpg 300w, https:\/\/www.sabine-seyffert.de\/blog\/wp-content\/uploads\/2017\/04\/Karte-L\u00f6wenzahn-2-768x576.jpg 768w\" sizes=\"auto, (max-width: 800px) 100vw, 800px\" \/><\/a><\/p>\n<p style=\"text-align: justify;\">Die sind zwar normalerweise gr\u00fcn, aber da es sich um ein Upcycling handelt und die Karten so wunderbar nat\u00fcrlich wirken, haben wir uns beim Basteln und Anfertigen der Karten einfach mal die k\u00fcnstlerische Freiheit genommen \ud83d\ude42<\/p>\n<p style=\"text-align: center;\"><a href=\"http:\/\/www.sabine-seyffert.de\/blog\/wp-content\/uploads\/2017\/04\/Karte-L\u00f6wenzahn-5.jpg\"><img loading=\"lazy\" decoding=\"async\" class=\"alignnone size-full wp-image-10211\" src=\"http:\/\/www.sabine-seyffert.de\/blog\/wp-content\/uploads\/2017\/04\/Karte-L\u00f6wenzahn-5.jpg\" alt=\"\" width=\"800\" height=\"600\" srcset=\"https:\/\/www.sabine-seyffert.de\/blog\/wp-content\/uploads\/2017\/04\/Karte-L\u00f6wenzahn-5.jpg 800w, https:\/\/www.sabine-seyffert.de\/blog\/wp-content\/uploads\/2017\/04\/Karte-L\u00f6wenzahn-5-300x225.jpg 300w, https:\/\/www.sabine-seyffert.de\/blog\/wp-content\/uploads\/2017\/04\/Karte-L\u00f6wenzahn-5-768x576.jpg 768w\" sizes=\"auto, (max-width: 800px) 100vw, 800px\" \/><\/a><\/p>\n<p style=\"text-align: justify;\">Hat man alle Blumenteile fertig geschnitten, platziert man diese auf der Postkarte und klebt diese an gew\u00fcnschter Position mit Hilfe des Klebers fest.<\/p>\n<p style=\"text-align: center;\"><a href=\"http:\/\/www.sabine-seyffert.de\/blog\/wp-content\/uploads\/2017\/04\/Karte-L\u00f6wenzahn-4.jpg\"><img loading=\"lazy\" decoding=\"async\" class=\"alignnone size-full wp-image-10212\" src=\"http:\/\/www.sabine-seyffert.de\/blog\/wp-content\/uploads\/2017\/04\/Karte-L\u00f6wenzahn-4.jpg\" alt=\"\" width=\"800\" height=\"600\" srcset=\"https:\/\/www.sabine-seyffert.de\/blog\/wp-content\/uploads\/2017\/04\/Karte-L\u00f6wenzahn-4.jpg 800w, https:\/\/www.sabine-seyffert.de\/blog\/wp-content\/uploads\/2017\/04\/Karte-L\u00f6wenzahn-4-300x225.jpg 300w, https:\/\/www.sabine-seyffert.de\/blog\/wp-content\/uploads\/2017\/04\/Karte-L\u00f6wenzahn-4-768x576.jpg 768w\" sizes=\"auto, (max-width: 800px) 100vw, 800px\" \/><\/a><\/p>\n<p style=\"text-align: justify;\">Wer mag, kann die R\u00fcckseite mit einer kleinen Botschaft versehen und die Karte als postalischen Gru\u00df nutzen. Ebenso sch\u00f6n, sieht die Karte in einem Bilderrahmen aus.<\/p>\n<p style=\"text-align: center;\"><a href=\"http:\/\/www.sabine-seyffert.de\/blog\/wp-content\/uploads\/2017\/04\/Karte-L\u00f6wenzahn-3.jpg\"><img loading=\"lazy\" decoding=\"async\" class=\"alignnone size-full wp-image-10213\" src=\"http:\/\/www.sabine-seyffert.de\/blog\/wp-content\/uploads\/2017\/04\/Karte-L\u00f6wenzahn-3.jpg\" alt=\"\" width=\"800\" height=\"600\" srcset=\"https:\/\/www.sabine-seyffert.de\/blog\/wp-content\/uploads\/2017\/04\/Karte-L\u00f6wenzahn-3.jpg 800w, https:\/\/www.sabine-seyffert.de\/blog\/wp-content\/uploads\/2017\/04\/Karte-L\u00f6wenzahn-3-300x225.jpg 300w, https:\/\/www.sabine-seyffert.de\/blog\/wp-content\/uploads\/2017\/04\/Karte-L\u00f6wenzahn-3-768x576.jpg 768w\" sizes=\"auto, (max-width: 800px) 100vw, 800px\" \/><\/a><\/p>\n<p style=\"text-align: justify;\">Mehr Ideen f\u00fcr Post gibt es in <a href=\"http:\/\/www.sabine-seyffert.de\/blog\/category\/postkarten-grusskarten\/\" target=\"_blank\">dieser Rubrik<\/a>, alles zum Thema Fr\u00fchling <a href=\"http:\/\/www.sabine-seyffert.de\/blog\/category\/fruhling\/\" target=\"_blank\">hier<\/a>, Upcyceltes <a href=\"http:\/\/www.sabine-seyffert.de\/blog\/category\/upcyceltes\/\" target=\"_blank\">dort<\/a> und andere kreative Sachen tummeln sich da und auch an <a href=\"http:\/\/www.creadienstag.de\/2017\/04\/275.html\" target=\"_blank\">dieser<\/a> Stelle.<\/p>\n<p style=\"text-align: center;\"><a href=\"http:\/\/www.sabine-seyffert.de\/blog\/wp-content\/uploads\/2017\/04\/Karte-L\u00f6wenzahn-1.jpg\"><img loading=\"lazy\" decoding=\"async\" class=\"alignnone size-full wp-image-10214\" src=\"http:\/\/www.sabine-seyffert.de\/blog\/wp-content\/uploads\/2017\/04\/Karte-L\u00f6wenzahn-1.jpg\" alt=\"\" width=\"600\" height=\"800\" srcset=\"https:\/\/www.sabine-seyffert.de\/blog\/wp-content\/uploads\/2017\/04\/Karte-L\u00f6wenzahn-1.jpg 600w, https:\/\/www.sabine-seyffert.de\/blog\/wp-content\/uploads\/2017\/04\/Karte-L\u00f6wenzahn-1-225x300.jpg 225w\" sizes=\"auto, (max-width: 600px) 100vw, 600px\" \/><\/a><\/p>\n<p><a href=\"http:\/\/www.sabine-seyffert.de\/blog\/?page_id=32#urheberrecht\">urheberrechtlich gesch\u00fctzt<\/a>, \u00a9 Sabine Seyffert<\/p>\n","protected":false},"excerpt":{"rendered":"<p>Erinnert ihr euch noch an das Bilderbuch von Magnus M\u00fcmmelgr\u00fcn? Das hat uns mit seinen zauberhaften Illustrationen sehr inspiriert. Vielleicht liegt es aber auch am beginnenden Fr\u00fchling, der in mir schlummernde Ideen und neue Kreativit\u00e4t zum Vorschein bringt. Wie dem auch sei \u2013 entstanden ist ein Schwung an saftig gelbem L\u00f6wenzahn, der sich nicht nur&#8230; <a href=\"https:\/\/www.sabine-seyffert.de\/blog\/diy-fruehlingshaftes-upcycling-bluehender-loewenzahn-fuer-die-post-und-den-bilderrahmen\/\" class=\"more-link\">Read more: DIY &#038; fr\u00fchlingshaftes Upcycling: Bl\u00fchender L\u00f6wenzahn f\u00fcr die Post und den Bilderrahmen\u2026<\/a><\/p>\n","protected":false},"author":2,"featured_media":0,"comment_status":"open","ping_status":"open","sticky":false,"template":"","format":"standard","meta":{"_metis_text_type":"","_metis_text_length":2069,"_post_count":0,"footnotes":""},"categories":[23,51,47],"tags":[],"class_list":["post-10207","post","type-post","status-publish","format-standard","hentry","category-fruhling","category-postkarten-grusskarten","category-upcyceltes"],"_links":{"self":[{"href":"https:\/\/www.sabine-seyffert.de\/blog\/wp-json\/wp\/v2\/posts\/10207","targetHints":{"allow":["GET"]}}],"collection":[{"href":"https:\/\/www.sabine-seyffert.de\/blog\/wp-json\/wp\/v2\/posts"}],"about":[{"href":"https:\/\/www.sabine-seyffert.de\/blog\/wp-json\/wp\/v2\/types\/post"}],"author":[{"embeddable":true,"href":"https:\/\/www.sabine-seyffert.de\/blog\/wp-json\/wp\/v2\/users\/2"}],"replies":[{"embeddable":true,"href":"https:\/\/www.sabine-seyffert.de\/blog\/wp-json\/wp\/v2\/comments?post=10207"}],"version-history":[{"count":1,"href":"https:\/\/www.sabine-seyffert.de\/blog\/wp-json\/wp\/v2\/posts\/10207\/revisions"}],"predecessor-version":[{"id":10216,"href":"https:\/\/www.sabine-seyffert.de\/blog\/wp-json\/wp\/v2\/posts\/10207\/revisions\/10216"}],"wp:attachment":[{"href":"https:\/\/www.sabine-seyffert.de\/blog\/wp-json\/wp\/v2\/media?parent=10207"}],"wp:term":[{"taxonomy":"category","embeddable":true,"href":"https:\/\/www.sabine-seyffert.de\/blog\/wp-json\/wp\/v2\/categories?post=10207"},{"taxonomy":"post_tag","embeddable":true,"href":"https:\/\/www.sabine-seyffert.de\/blog\/wp-json\/wp\/v2\/tags?post=10207"}],"curies":[{"name":"wp","href":"https:\/\/api.w.org\/{rel}","templated":true}]}}