{"id":10190,"date":"2017-04-14T17:54:09","date_gmt":"2017-04-14T15:54:09","guid":{"rendered":"http:\/\/www.sabine-seyffert.de\/blog\/?p=10190"},"modified":"2023-02-16T16:29:10","modified_gmt":"2023-02-16T14:29:10","slug":"diy-deko-idee-fuer-die-ostertage-stilvolle-eier-fuer-das-osternest-und-ein-gemuetliches-osterfruehstueck","status":"publish","type":"post","link":"https:\/\/www.sabine-seyffert.de\/blog\/diy-deko-idee-fuer-die-ostertage-stilvolle-eier-fuer-das-osternest-und-ein-gemuetliches-osterfruehstueck\/","title":{"rendered":"DIY &#038; Deko Idee f\u00fcr die Ostertage: Stilvolle Eier f\u00fcr das Osternest und ein gem\u00fctliches Osterfr\u00fchst\u00fcck"},"content":{"rendered":"<p style=\"text-align: justify;\"><img loading=\"lazy\" decoding=\"async\" src=\"https:\/\/ssl-vg03.met.vgwort.de\/na\/74dec21b12ad4fcaae5aba17cc478aa2\" alt=\"\" width=\"1\" height=\"1\" \/>Auch wenn ich es gerne \u201ebunt\u201c mag, so finde ich bunt gef\u00e4rbte Ostereier f\u00fcr das Osterfest oftmals ausgesprochen kitschig. So hatte ich im letzten Jahr fast ganz vergessen einige Eier f\u00fcr das Familienfr\u00fchst\u00fcck am Ostersonntag zu kochen und musste mir spontan mit einer einfachen Variante aushelfen (die Bastelanleitung f\u00fcr dieses nat\u00fcrliche Oster DIY findet ihr <a href=\"http:\/\/www.sabine-seyffert.de\/blog\/natuerliches-diy-fuers-osternest-ostereier-stilvoll-gestalten\/\" target=\"_blank\" rel=\"noopener\">hier<\/a>). Diese puristischen Ostereier haben mir so gut gefallen, dass es auch in diesem Jahr etwas farblos an Ostern zugehen wird. Und zwar haben wir die gekochten Eier ganz schlicht mit einem wei\u00dfen Lackstift versch\u00f6nert. Eine <a href=\"http:\/\/www.sabine-seyffert.de\/blog\/ostereier-mal-ganz-anders\/\" target=\"_blank\" rel=\"noopener\">\u00e4hnliche Idee<\/a> mit den wei\u00df bemalten Eiern f\u00fcr Osterstrauch ist \u00fcbrigens einer der beliebtesten Artikeln auf meinem Blog. Doch dieses Mal waren es keine Anh\u00e4nger, sondern die Fr\u00fchst\u00fcckseier.<\/p>\n<p style=\"text-align: center;\"><a href=\"http:\/\/www.sabine-seyffert.de\/blog\/wp-content\/uploads\/2017\/04\/Ei-gekocht-bemalt-3.jpg\"><img loading=\"lazy\" decoding=\"async\" class=\"alignnone size-full wp-image-10191\" src=\"http:\/\/www.sabine-seyffert.de\/blog\/wp-content\/uploads\/2017\/04\/Ei-gekocht-bemalt-3.jpg\" alt=\"\" width=\"800\" height=\"600\" srcset=\"https:\/\/www.sabine-seyffert.de\/blog\/wp-content\/uploads\/2017\/04\/Ei-gekocht-bemalt-3.jpg 800w, https:\/\/www.sabine-seyffert.de\/blog\/wp-content\/uploads\/2017\/04\/Ei-gekocht-bemalt-3-300x225.jpg 300w, https:\/\/www.sabine-seyffert.de\/blog\/wp-content\/uploads\/2017\/04\/Ei-gekocht-bemalt-3-768x576.jpg 768w\" sizes=\"auto, (max-width: 800px) 100vw, 800px\" \/><\/a><\/p>\n<p style=\"text-align: justify;\"><strong>Das wird gebraucht:<\/strong><br \/>\nNaturbraune Eier von freilaufenden H\u00fchnern, Wasser, einen Topf, einen wei\u00dfen Lackstift<\/p>\n<p style=\"text-align: center;\"><a href=\"http:\/\/www.sabine-seyffert.de\/blog\/wp-content\/uploads\/2017\/04\/Ei-gekocht-bemalt-2.jpg\"><img loading=\"lazy\" decoding=\"async\" class=\"alignnone size-full wp-image-10192\" src=\"http:\/\/www.sabine-seyffert.de\/blog\/wp-content\/uploads\/2017\/04\/Ei-gekocht-bemalt-2.jpg\" alt=\"\" width=\"800\" height=\"600\" srcset=\"https:\/\/www.sabine-seyffert.de\/blog\/wp-content\/uploads\/2017\/04\/Ei-gekocht-bemalt-2.jpg 800w, https:\/\/www.sabine-seyffert.de\/blog\/wp-content\/uploads\/2017\/04\/Ei-gekocht-bemalt-2-300x225.jpg 300w, https:\/\/www.sabine-seyffert.de\/blog\/wp-content\/uploads\/2017\/04\/Ei-gekocht-bemalt-2-768x576.jpg 768w\" sizes=\"auto, (max-width: 800px) 100vw, 800px\" \/><\/a><\/p>\n<p style=\"text-align: justify;\"><strong>So wird\u2019s gemacht:<\/strong><br \/>\nZuerst kocht man die f\u00fcrs Osterfr\u00fchst\u00fcck ben\u00f6tigten Eier in Wasser und l\u00e4sst diese anschlie\u00dfend gut ausk\u00fchlen.<\/p>\n<p style=\"text-align: center;\"><a href=\"http:\/\/www.sabine-seyffert.de\/blog\/wp-content\/uploads\/2017\/04\/Ei-gekocht-bemalt-9.jpg\"><img loading=\"lazy\" decoding=\"async\" class=\"alignnone size-full wp-image-10193\" src=\"http:\/\/www.sabine-seyffert.de\/blog\/wp-content\/uploads\/2017\/04\/Ei-gekocht-bemalt-9.jpg\" alt=\"\" width=\"800\" height=\"600\" srcset=\"https:\/\/www.sabine-seyffert.de\/blog\/wp-content\/uploads\/2017\/04\/Ei-gekocht-bemalt-9.jpg 800w, https:\/\/www.sabine-seyffert.de\/blog\/wp-content\/uploads\/2017\/04\/Ei-gekocht-bemalt-9-300x225.jpg 300w, https:\/\/www.sabine-seyffert.de\/blog\/wp-content\/uploads\/2017\/04\/Ei-gekocht-bemalt-9-768x576.jpg 768w\" sizes=\"auto, (max-width: 800px) 100vw, 800px\" \/><\/a><\/p>\n<p style=\"text-align: justify;\">Zum einen kann man sich so an den Eiern nicht verbrennen und zum anderen h\u00e4lt der Lack an den ausgek\u00fchlten Eiern einfach besser und verwischt beim Malen nicht.<\/p>\n<p style=\"text-align: center;\"><a href=\"http:\/\/www.sabine-seyffert.de\/blog\/wp-content\/uploads\/2017\/04\/Ei-gekocht-bemalt-4.jpg\"><img loading=\"lazy\" decoding=\"async\" class=\"alignnone size-full wp-image-10194\" src=\"http:\/\/www.sabine-seyffert.de\/blog\/wp-content\/uploads\/2017\/04\/Ei-gekocht-bemalt-4.jpg\" alt=\"\" width=\"800\" height=\"600\" srcset=\"https:\/\/www.sabine-seyffert.de\/blog\/wp-content\/uploads\/2017\/04\/Ei-gekocht-bemalt-4.jpg 800w, https:\/\/www.sabine-seyffert.de\/blog\/wp-content\/uploads\/2017\/04\/Ei-gekocht-bemalt-4-300x225.jpg 300w, https:\/\/www.sabine-seyffert.de\/blog\/wp-content\/uploads\/2017\/04\/Ei-gekocht-bemalt-4-768x576.jpg 768w\" sizes=\"auto, (max-width: 800px) 100vw, 800px\" \/><\/a><\/p>\n<p style=\"text-align: justify;\">Mit dem Lackstift darf man sich an der Eierschale nun austoben und jedes Ei ein anderes Allover Muster verpassen: P\u00fcnktchen, Striche, Linien, Kreise, W\u00f6rter oder kurze Botschaften, Gesichter, kleine geometrische Formen \u2013 alles ist erlaubt. Lasst eurer Fantasie beim Bemalen der Ostereier freien Lauf.<\/p>\n<p style=\"text-align: center;\"><a href=\"http:\/\/www.sabine-seyffert.de\/blog\/wp-content\/uploads\/2017\/04\/Ei-gekocht-bemalt-5.jpg\"><img loading=\"lazy\" decoding=\"async\" class=\"alignnone size-full wp-image-10195\" src=\"http:\/\/www.sabine-seyffert.de\/blog\/wp-content\/uploads\/2017\/04\/Ei-gekocht-bemalt-5.jpg\" alt=\"\" width=\"800\" height=\"600\" srcset=\"https:\/\/www.sabine-seyffert.de\/blog\/wp-content\/uploads\/2017\/04\/Ei-gekocht-bemalt-5.jpg 800w, https:\/\/www.sabine-seyffert.de\/blog\/wp-content\/uploads\/2017\/04\/Ei-gekocht-bemalt-5-300x225.jpg 300w, https:\/\/www.sabine-seyffert.de\/blog\/wp-content\/uploads\/2017\/04\/Ei-gekocht-bemalt-5-768x576.jpg 768w\" sizes=\"auto, (max-width: 800px) 100vw, 800px\" \/><\/a><\/p>\n<p style=\"text-align: justify;\">Ein Ei hat sogar ein G\u00e4nsebl\u00fcmchen Muster gemalt bekommen und wird jetzt schon hei\u00df \u201egeliebt\u201c, weil es so sch\u00f6n aussieht. Daf\u00fcr braucht man zus\u00e4tzlich allerdings noch einen gelben Lackstift.<\/p>\n<p style=\"text-align: center;\"><a href=\"http:\/\/www.sabine-seyffert.de\/blog\/wp-content\/uploads\/2017\/04\/Ei-gekocht-bemalt-6.jpg\"><img loading=\"lazy\" decoding=\"async\" class=\"alignnone size-full wp-image-10196\" src=\"http:\/\/www.sabine-seyffert.de\/blog\/wp-content\/uploads\/2017\/04\/Ei-gekocht-bemalt-6.jpg\" alt=\"\" width=\"800\" height=\"600\" srcset=\"https:\/\/www.sabine-seyffert.de\/blog\/wp-content\/uploads\/2017\/04\/Ei-gekocht-bemalt-6.jpg 800w, https:\/\/www.sabine-seyffert.de\/blog\/wp-content\/uploads\/2017\/04\/Ei-gekocht-bemalt-6-300x225.jpg 300w, https:\/\/www.sabine-seyffert.de\/blog\/wp-content\/uploads\/2017\/04\/Ei-gekocht-bemalt-6-768x576.jpg 768w\" sizes=\"auto, (max-width: 800px) 100vw, 800px\" \/><\/a><\/p>\n<p style=\"text-align: justify;\">Anschlie\u00dfend sind alle bemalten Eier in das Osternest gewandert. Dort warten sie nun geduldig auf das gem\u00fctliche Osterfr\u00fchst\u00fcck. Nur eines der Eier wurde bereits kurzerhand vernascht\u2026<\/p>\n<p style=\"text-align: center;\"><a href=\"http:\/\/www.sabine-seyffert.de\/blog\/wp-content\/uploads\/2017\/04\/Ei-gekocht-bemalt-1.jpg\"><img loading=\"lazy\" decoding=\"async\" class=\"alignnone size-full wp-image-10197\" src=\"http:\/\/www.sabine-seyffert.de\/blog\/wp-content\/uploads\/2017\/04\/Ei-gekocht-bemalt-1.jpg\" alt=\"\" width=\"800\" height=\"600\" srcset=\"https:\/\/www.sabine-seyffert.de\/blog\/wp-content\/uploads\/2017\/04\/Ei-gekocht-bemalt-1.jpg 800w, https:\/\/www.sabine-seyffert.de\/blog\/wp-content\/uploads\/2017\/04\/Ei-gekocht-bemalt-1-300x225.jpg 300w, https:\/\/www.sabine-seyffert.de\/blog\/wp-content\/uploads\/2017\/04\/Ei-gekocht-bemalt-1-768x576.jpg 768w\" sizes=\"auto, (max-width: 800px) 100vw, 800px\" \/><\/a><\/p>\n<p style=\"text-align: justify;\">Die Eier sind zwar schlicht, aber dennoch wirkungsvoll. Au\u00dferdem haben sie den Vorteil zu den eingef\u00e4rbten Eiern, dass die Farbe nicht durch die Schale dringt. Denn die f\u00e4rben Stellen an den gef\u00e4rbten Eiern mag ich pers\u00f6nlich gar nicht und allzu gesund d\u00fcrften diese auch nicht sein.<\/p>\n<p style=\"text-align: center;\"><a href=\"http:\/\/www.sabine-seyffert.de\/blog\/wp-content\/uploads\/2017\/04\/Ei-gekocht-bemalt-8.jpg\"><img loading=\"lazy\" decoding=\"async\" class=\"alignnone size-full wp-image-10198\" src=\"http:\/\/www.sabine-seyffert.de\/blog\/wp-content\/uploads\/2017\/04\/Ei-gekocht-bemalt-8.jpg\" alt=\"\" width=\"800\" height=\"600\" srcset=\"https:\/\/www.sabine-seyffert.de\/blog\/wp-content\/uploads\/2017\/04\/Ei-gekocht-bemalt-8.jpg 800w, https:\/\/www.sabine-seyffert.de\/blog\/wp-content\/uploads\/2017\/04\/Ei-gekocht-bemalt-8-300x225.jpg 300w, https:\/\/www.sabine-seyffert.de\/blog\/wp-content\/uploads\/2017\/04\/Ei-gekocht-bemalt-8-768x576.jpg 768w\" sizes=\"auto, (max-width: 800px) 100vw, 800px\" \/><\/a><\/p>\n<p style=\"text-align: center;\">Ich w\u00fcnsche euch allen wunderbare Ostertage!<\/p>\n<p style=\"text-align: center;\"><a href=\"http:\/\/www.sabine-seyffert.de\/blog\/wp-content\/uploads\/2017\/04\/Ei-gekocht-bemalt-7.jpg\"><img loading=\"lazy\" decoding=\"async\" class=\"alignnone size-full wp-image-10199\" src=\"http:\/\/www.sabine-seyffert.de\/blog\/wp-content\/uploads\/2017\/04\/Ei-gekocht-bemalt-7.jpg\" alt=\"\" width=\"800\" height=\"600\" srcset=\"https:\/\/www.sabine-seyffert.de\/blog\/wp-content\/uploads\/2017\/04\/Ei-gekocht-bemalt-7.jpg 800w, https:\/\/www.sabine-seyffert.de\/blog\/wp-content\/uploads\/2017\/04\/Ei-gekocht-bemalt-7-300x225.jpg 300w, https:\/\/www.sabine-seyffert.de\/blog\/wp-content\/uploads\/2017\/04\/Ei-gekocht-bemalt-7-768x576.jpg 768w\" sizes=\"auto, (max-width: 800px) 100vw, 800px\" \/><\/a><\/p>\n<p><a href=\"http:\/\/www.sabine-seyffert.de\/blog\/?page_id=32#urheberrecht\">urheberrechtlich gesch\u00fctzt<\/a>, \u00a9 Sabine Seyffert<\/p>\n","protected":false},"excerpt":{"rendered":"<p>Auch wenn ich es gerne \u201ebunt\u201c mag, so finde ich bunt gef\u00e4rbte Ostereier f\u00fcr das Osterfest oftmals ausgesprochen kitschig. So hatte ich im letzten Jahr fast ganz vergessen einige Eier f\u00fcr das Familienfr\u00fchst\u00fcck am Ostersonntag zu kochen und musste mir spontan mit einer einfachen Variante aushelfen (die Bastelanleitung f\u00fcr dieses nat\u00fcrliche Oster DIY findet ihr&#8230; <a href=\"https:\/\/www.sabine-seyffert.de\/blog\/diy-deko-idee-fuer-die-ostertage-stilvolle-eier-fuer-das-osternest-und-ein-gemuetliches-osterfruehstueck\/\" class=\"more-link\">Read more: DIY &#038; Deko Idee f\u00fcr die Ostertage: Stilvolle Eier f\u00fcr das Osternest und ein gem\u00fctliches Osterfr\u00fchst\u00fcck<\/a><\/p>\n","protected":false},"author":2,"featured_media":0,"comment_status":"open","ping_status":"open","sticky":false,"template":"","format":"standard","meta":{"_metis_text_type":"","_metis_text_length":2224,"_post_count":0,"footnotes":""},"categories":[57],"tags":[],"class_list":["post-10190","post","type-post","status-publish","format-standard","hentry","category-ostern"],"_links":{"self":[{"href":"https:\/\/www.sabine-seyffert.de\/blog\/wp-json\/wp\/v2\/posts\/10190","targetHints":{"allow":["GET"]}}],"collection":[{"href":"https:\/\/www.sabine-seyffert.de\/blog\/wp-json\/wp\/v2\/posts"}],"about":[{"href":"https:\/\/www.sabine-seyffert.de\/blog\/wp-json\/wp\/v2\/types\/post"}],"author":[{"embeddable":true,"href":"https:\/\/www.sabine-seyffert.de\/blog\/wp-json\/wp\/v2\/users\/2"}],"replies":[{"embeddable":true,"href":"https:\/\/www.sabine-seyffert.de\/blog\/wp-json\/wp\/v2\/comments?post=10190"}],"version-history":[{"count":5,"href":"https:\/\/www.sabine-seyffert.de\/blog\/wp-json\/wp\/v2\/posts\/10190\/revisions"}],"predecessor-version":[{"id":25425,"href":"https:\/\/www.sabine-seyffert.de\/blog\/wp-json\/wp\/v2\/posts\/10190\/revisions\/25425"}],"wp:attachment":[{"href":"https:\/\/www.sabine-seyffert.de\/blog\/wp-json\/wp\/v2\/media?parent=10190"}],"wp:term":[{"taxonomy":"category","embeddable":true,"href":"https:\/\/www.sabine-seyffert.de\/blog\/wp-json\/wp\/v2\/categories?post=10190"},{"taxonomy":"post_tag","embeddable":true,"href":"https:\/\/www.sabine-seyffert.de\/blog\/wp-json\/wp\/v2\/tags?post=10190"}],"curies":[{"name":"wp","href":"https:\/\/api.w.org\/{rel}","templated":true}]}}