{"id":10138,"date":"2017-04-09T09:22:49","date_gmt":"2017-04-09T07:22:49","guid":{"rendered":"http:\/\/www.sabine-seyffert.de\/blog\/?p=10138"},"modified":"2023-02-16T16:30:10","modified_gmt":"2023-02-16T14:30:10","slug":"diy-fuer-fruehlingsgruesse-ein-selbst-gebastelter-ostergruss-mit-karotten-fuer-die-osterpost","status":"publish","type":"post","link":"https:\/\/www.sabine-seyffert.de\/blog\/diy-fuer-fruehlingsgruesse-ein-selbst-gebastelter-ostergruss-mit-karotten-fuer-die-osterpost\/","title":{"rendered":"DIY f\u00fcr Fr\u00fchlingsgr\u00fc\u00dfe: Ein selbst gebastelter Ostergru\u00df mit Karotten f\u00fcr die Osterpost"},"content":{"rendered":"<p style=\"text-align: justify;\"><img loading=\"lazy\" decoding=\"async\" src=\"https:\/\/ssl-vg03.met.vgwort.de\/na\/65e4e65b4171468cbf0f1a665756291e\" alt=\"\" width=\"1\" height=\"1\" \/>Da ich immer gerne analoge Gr\u00fc\u00dfe per Post bekomme, schicke ich auch oft selbst gebastelte Postkarten. In der Osterzeit zwar nicht in den gro\u00dfen Mengen wie bei meiner j\u00e4hrlichen Weihnachtspost \u00fcblich, aber ein paar Gru\u00dfkarten zu Ostern gibt es dennoch. Offenbar war mir nach der Winterzeit dringend nach ein paar Vitaminen. Denn als Motiv f\u00fcr meine Osterpost gab es einen ganzen Schwung an frischen, knackigen Karotten. Was schlicht und ergreifend daran lag, dass mir beim Aufr\u00e4umen im B\u00fcro orangefarbener Bastelfilz in die H\u00e4nde fiel.<\/p>\n<p style=\"text-align: center;\"><a href=\"http:\/\/www.sabine-seyffert.de\/blog\/wp-content\/uploads\/2017\/04\/Osterpost-M\u00f6hre-4.jpg\"><img loading=\"lazy\" decoding=\"async\" class=\"alignnone size-full wp-image-10139\" src=\"http:\/\/www.sabine-seyffert.de\/blog\/wp-content\/uploads\/2017\/04\/Osterpost-M\u00f6hre-4.jpg\" alt=\"\" width=\"800\" height=\"600\" srcset=\"https:\/\/www.sabine-seyffert.de\/blog\/wp-content\/uploads\/2017\/04\/Osterpost-M\u00f6hre-4.jpg 800w, https:\/\/www.sabine-seyffert.de\/blog\/wp-content\/uploads\/2017\/04\/Osterpost-M\u00f6hre-4-300x225.jpg 300w, https:\/\/www.sabine-seyffert.de\/blog\/wp-content\/uploads\/2017\/04\/Osterpost-M\u00f6hre-4-768x576.jpg 768w\" sizes=\"auto, (max-width: 800px) 100vw, 800px\" \/><\/a><\/p>\n<p style=\"text-align: justify;\"><strong>Das wird gebraucht:<\/strong><br \/>\nBlanko Postkarten oder Gru\u00dfkarten aus Kraftpapier, d\u00fcnne Kordel, eine alte Buchseite, Bastelkleber, orangefarbener Bastelfilz, orangefarbener Tonkarton, Hei\u00dfklebepistole samt Klebepatrone sowie optional einen Etikettenstanzer und einen Osterstempel<\/p>\n<p style=\"text-align: center;\"><a href=\"http:\/\/www.sabine-seyffert.de\/blog\/wp-content\/uploads\/2017\/04\/Osterpost-M\u00f6hre-10.jpg\"><img loading=\"lazy\" decoding=\"async\" class=\"alignnone size-full wp-image-10140\" src=\"http:\/\/www.sabine-seyffert.de\/blog\/wp-content\/uploads\/2017\/04\/Osterpost-M\u00f6hre-10.jpg\" alt=\"\" width=\"800\" height=\"600\" srcset=\"https:\/\/www.sabine-seyffert.de\/blog\/wp-content\/uploads\/2017\/04\/Osterpost-M\u00f6hre-10.jpg 800w, https:\/\/www.sabine-seyffert.de\/blog\/wp-content\/uploads\/2017\/04\/Osterpost-M\u00f6hre-10-300x225.jpg 300w, https:\/\/www.sabine-seyffert.de\/blog\/wp-content\/uploads\/2017\/04\/Osterpost-M\u00f6hre-10-768x576.jpg 768w\" sizes=\"auto, (max-width: 800px) 100vw, 800px\" \/><\/a><\/p>\n<p style=\"text-align: justify;\"><strong>So wird\u2019s gemacht:<\/strong><br \/>\nWie meist f\u00fcr meine Karten habe ich auch hier unbedruckte Blankokarten aus Kraftpapier in der Gr\u00f6\u00dfe Din A 6 verwendet. Wer diese nicht zur Hand hat, schneidet sich mit Hilfe einer Postkarte einfach aus einem Bogen Tonkarton die passende Anzahl an Karten aus.<\/p>\n<p style=\"text-align: center;\"><a href=\"http:\/\/www.sabine-seyffert.de\/blog\/wp-content\/uploads\/2017\/04\/Osterpost-M\u00f6hre-9.jpg\"><img loading=\"lazy\" decoding=\"async\" class=\"alignnone size-full wp-image-10141\" src=\"http:\/\/www.sabine-seyffert.de\/blog\/wp-content\/uploads\/2017\/04\/Osterpost-M\u00f6hre-9.jpg\" alt=\"\" width=\"800\" height=\"600\" srcset=\"https:\/\/www.sabine-seyffert.de\/blog\/wp-content\/uploads\/2017\/04\/Osterpost-M\u00f6hre-9.jpg 800w, https:\/\/www.sabine-seyffert.de\/blog\/wp-content\/uploads\/2017\/04\/Osterpost-M\u00f6hre-9-300x225.jpg 300w, https:\/\/www.sabine-seyffert.de\/blog\/wp-content\/uploads\/2017\/04\/Osterpost-M\u00f6hre-9-768x576.jpg 768w\" sizes=\"auto, (max-width: 800px) 100vw, 800px\" \/><\/a><\/p>\n<p style=\"text-align: justify;\">Anschlie\u00dfend geht es dem Filz an den Kragen. Denn daraus schneidet man allerhand M\u00f6hren. Dies klappt prima frei Hand, da die Form einfach ist und die einzelnen Karotten auch etwas unterschiedlich sein d\u00fcrfen.<\/p>\n<p style=\"text-align: center;\"><a href=\"http:\/\/www.sabine-seyffert.de\/blog\/wp-content\/uploads\/2017\/04\/Osterpost-M\u00f6hre-8.jpg\"><img loading=\"lazy\" decoding=\"async\" class=\"alignnone size-full wp-image-10142\" src=\"http:\/\/www.sabine-seyffert.de\/blog\/wp-content\/uploads\/2017\/04\/Osterpost-M\u00f6hre-8.jpg\" alt=\"\" width=\"800\" height=\"600\" srcset=\"https:\/\/www.sabine-seyffert.de\/blog\/wp-content\/uploads\/2017\/04\/Osterpost-M\u00f6hre-8.jpg 800w, https:\/\/www.sabine-seyffert.de\/blog\/wp-content\/uploads\/2017\/04\/Osterpost-M\u00f6hre-8-300x225.jpg 300w, https:\/\/www.sabine-seyffert.de\/blog\/wp-content\/uploads\/2017\/04\/Osterpost-M\u00f6hre-8-768x576.jpg 768w\" sizes=\"auto, (max-width: 800px) 100vw, 800px\" \/><\/a><\/p>\n<p style=\"text-align: justify;\">Mit diesem \u201ejungen Gem\u00fcse\u201c und etwas d\u00fcnner Leinenkordel habe ich auf den Karten zum einen eine Wimpelgirlande gestaltet und zum anderen einen dicken Strau\u00df M\u00f6hren. Das Gem\u00fcse hat dazu noch M\u00f6hrengr\u00fcn aus einer alten Buchseite bekommen.<\/p>\n<p style=\"text-align: center;\"><a href=\"http:\/\/www.sabine-seyffert.de\/blog\/wp-content\/uploads\/2017\/04\/Osterpost-M\u00f6hre-7.jpg\"><img loading=\"lazy\" decoding=\"async\" class=\"alignnone size-full wp-image-10143\" src=\"http:\/\/www.sabine-seyffert.de\/blog\/wp-content\/uploads\/2017\/04\/Osterpost-M\u00f6hre-7.jpg\" alt=\"\" width=\"800\" height=\"600\" srcset=\"https:\/\/www.sabine-seyffert.de\/blog\/wp-content\/uploads\/2017\/04\/Osterpost-M\u00f6hre-7.jpg 800w, https:\/\/www.sabine-seyffert.de\/blog\/wp-content\/uploads\/2017\/04\/Osterpost-M\u00f6hre-7-300x225.jpg 300w, https:\/\/www.sabine-seyffert.de\/blog\/wp-content\/uploads\/2017\/04\/Osterpost-M\u00f6hre-7-768x576.jpg 768w\" sizes=\"auto, (max-width: 800px) 100vw, 800px\" \/><\/a><\/p>\n<p style=\"text-align: justify;\">Und als kleine Botschaft habe ich mir aus orangefarbenem Fotokarton kleine Etiketten gestanzt und mit einem Fr\u00fchlingsgru\u00df bedruckt. Die kleinen Anh\u00e4nger lassen sich alternativ auch per Hand ausschneiden, wenn man keinen solchen Motivstanzer hat. Noch einfacher ist ein ausgeschnittener Wimpel, den man an der M\u00f6hrengirlande oder dem Strau\u00df befestigt.<\/p>\n<p style=\"text-align: center;\"><a href=\"http:\/\/www.sabine-seyffert.de\/blog\/wp-content\/uploads\/2017\/04\/Osterpost-M\u00f6hre-6.jpg\"><img loading=\"lazy\" decoding=\"async\" class=\"alignnone size-full wp-image-10144\" src=\"http:\/\/www.sabine-seyffert.de\/blog\/wp-content\/uploads\/2017\/04\/Osterpost-M\u00f6hre-6.jpg\" alt=\"\" width=\"800\" height=\"600\" srcset=\"https:\/\/www.sabine-seyffert.de\/blog\/wp-content\/uploads\/2017\/04\/Osterpost-M\u00f6hre-6.jpg 800w, https:\/\/www.sabine-seyffert.de\/blog\/wp-content\/uploads\/2017\/04\/Osterpost-M\u00f6hre-6-300x225.jpg 300w, https:\/\/www.sabine-seyffert.de\/blog\/wp-content\/uploads\/2017\/04\/Osterpost-M\u00f6hre-6-768x576.jpg 768w\" sizes=\"auto, (max-width: 800px) 100vw, 800px\" \/><\/a><\/p>\n<p style=\"text-align: justify;\">Alle Bastelideen zum Thema Ostern &amp; Fr\u00fchling gibt es \u00fcbrigens in <a href=\"http:\/\/www.sabine-seyffert.de\/blog\/category\/fruhling\/\" target=\"_blank\" rel=\"noopener\">dieser Rubrik<\/a>, weitere Gru\u00dfkarten Motive <a href=\"http:\/\/www.sabine-seyffert.de\/blog\/category\/postkarten-grusskarten\/\" target=\"_blank\" rel=\"noopener\">hier<\/a>\u00a0 und andere kreative Sachen an <a href=\"http:\/\/www.creadienstag.de\/2017\/04\/Linkparty-274.html\" target=\"_blank\" rel=\"noopener\">dieser<\/a> Stelle.<\/p>\n<p style=\"text-align: center;\"><a href=\"http:\/\/www.sabine-seyffert.de\/blog\/wp-content\/uploads\/2017\/04\/Osterpost-M\u00f6hre-3.jpg\"><img loading=\"lazy\" decoding=\"async\" class=\"alignnone size-full wp-image-10145\" src=\"http:\/\/www.sabine-seyffert.de\/blog\/wp-content\/uploads\/2017\/04\/Osterpost-M\u00f6hre-3.jpg\" alt=\"\" width=\"800\" height=\"600\" srcset=\"https:\/\/www.sabine-seyffert.de\/blog\/wp-content\/uploads\/2017\/04\/Osterpost-M\u00f6hre-3.jpg 800w, https:\/\/www.sabine-seyffert.de\/blog\/wp-content\/uploads\/2017\/04\/Osterpost-M\u00f6hre-3-300x225.jpg 300w, https:\/\/www.sabine-seyffert.de\/blog\/wp-content\/uploads\/2017\/04\/Osterpost-M\u00f6hre-3-768x576.jpg 768w\" sizes=\"auto, (max-width: 800px) 100vw, 800px\" \/><\/a><\/p>\n<p><a href=\"http:\/\/www.sabine-seyffert.de\/blog\/?page_id=32#urheberrecht\">urheberrechtlich gesch\u00fctzt<\/a>, \u00a9 Sabine Seyffert<\/p>\n","protected":false},"excerpt":{"rendered":"<p>Da ich immer gerne analoge Gr\u00fc\u00dfe per Post bekomme, schicke ich auch oft selbst gebastelte Postkarten. In der Osterzeit zwar nicht in den gro\u00dfen Mengen wie bei meiner j\u00e4hrlichen Weihnachtspost \u00fcblich, aber ein paar Gru\u00dfkarten zu Ostern gibt es dennoch. Offenbar war mir nach der Winterzeit dringend nach ein paar Vitaminen. Denn als Motiv f\u00fcr&#8230; <a href=\"https:\/\/www.sabine-seyffert.de\/blog\/diy-fuer-fruehlingsgruesse-ein-selbst-gebastelter-ostergruss-mit-karotten-fuer-die-osterpost\/\" class=\"more-link\">Read more: DIY f\u00fcr Fr\u00fchlingsgr\u00fc\u00dfe: Ein selbst gebastelter Ostergru\u00df mit Karotten f\u00fcr die Osterpost<\/a><\/p>\n","protected":false},"author":2,"featured_media":0,"comment_status":"open","ping_status":"open","sticky":false,"template":"","format":"standard","meta":{"_metis_text_type":"","_metis_text_length":2085,"_post_count":0,"footnotes":""},"categories":[57,51],"tags":[],"class_list":["post-10138","post","type-post","status-publish","format-standard","hentry","category-ostern","category-postkarten-grusskarten"],"_links":{"self":[{"href":"https:\/\/www.sabine-seyffert.de\/blog\/wp-json\/wp\/v2\/posts\/10138","targetHints":{"allow":["GET"]}}],"collection":[{"href":"https:\/\/www.sabine-seyffert.de\/blog\/wp-json\/wp\/v2\/posts"}],"about":[{"href":"https:\/\/www.sabine-seyffert.de\/blog\/wp-json\/wp\/v2\/types\/post"}],"author":[{"embeddable":true,"href":"https:\/\/www.sabine-seyffert.de\/blog\/wp-json\/wp\/v2\/users\/2"}],"replies":[{"embeddable":true,"href":"https:\/\/www.sabine-seyffert.de\/blog\/wp-json\/wp\/v2\/comments?post=10138"}],"version-history":[{"count":4,"href":"https:\/\/www.sabine-seyffert.de\/blog\/wp-json\/wp\/v2\/posts\/10138\/revisions"}],"predecessor-version":[{"id":25429,"href":"https:\/\/www.sabine-seyffert.de\/blog\/wp-json\/wp\/v2\/posts\/10138\/revisions\/25429"}],"wp:attachment":[{"href":"https:\/\/www.sabine-seyffert.de\/blog\/wp-json\/wp\/v2\/media?parent=10138"}],"wp:term":[{"taxonomy":"category","embeddable":true,"href":"https:\/\/www.sabine-seyffert.de\/blog\/wp-json\/wp\/v2\/categories?post=10138"},{"taxonomy":"post_tag","embeddable":true,"href":"https:\/\/www.sabine-seyffert.de\/blog\/wp-json\/wp\/v2\/tags?post=10138"}],"curies":[{"name":"wp","href":"https:\/\/api.w.org\/{rel}","templated":true}]}}