{"id":10060,"date":"2017-03-28T05:41:46","date_gmt":"2017-03-28T03:41:46","guid":{"rendered":"http:\/\/www.sabine-seyffert.de\/blog\/?p=10060"},"modified":"2017-03-28T05:41:46","modified_gmt":"2017-03-28T03:41:46","slug":"verpackungsliebe-im-fruehling-geschenke-verpacken-im-zarten-fruehlingslook-mit-kleinen-kirschblueten","status":"publish","type":"post","link":"https:\/\/www.sabine-seyffert.de\/blog\/verpackungsliebe-im-fruehling-geschenke-verpacken-im-zarten-fruehlingslook-mit-kleinen-kirschblueten\/","title":{"rendered":"Verpackungsliebe im Fr\u00fchling: Geschenke verpacken im zarten Fr\u00fchlingslook mit kleinen Kirschbl\u00fcten"},"content":{"rendered":"<p style=\"text-align: justify;\"><img loading=\"lazy\" decoding=\"async\" src=\"https:\/\/ssl-vg03.met.vgwort.de\/na\/b567ef399d824b04be352c4d5d2e03fc\" alt=\"\" width=\"1\" height=\"1\" \/>Jedes Jahr, wenn am Kirschbaum die ersten Bl\u00fcten sprie\u00dfen, h\u00fcpft mein Herz vor Freude. Ich mag die zarten, so filigranen Bl\u00fcten sehr und genie\u00dfe jeden Tag, an dem diese Bl\u00fcten am Baum zu finden sind. Nat\u00fcrlich sind diese immer wieder ein ganz begehrtes Foto Objekt.<\/p>\n<p style=\"text-align: center;\"><a href=\"http:\/\/www.sabine-seyffert.de\/blog\/wp-content\/uploads\/2017\/03\/Kirschbl\u00fcte-Geschenk-2.jpg\"><img loading=\"lazy\" decoding=\"async\" class=\"alignnone size-full wp-image-10061\" src=\"http:\/\/www.sabine-seyffert.de\/blog\/wp-content\/uploads\/2017\/03\/Kirschbl\u00fcte-Geschenk-2.jpg\" alt=\"\" width=\"800\" height=\"600\" srcset=\"https:\/\/www.sabine-seyffert.de\/blog\/wp-content\/uploads\/2017\/03\/Kirschbl\u00fcte-Geschenk-2.jpg 800w, https:\/\/www.sabine-seyffert.de\/blog\/wp-content\/uploads\/2017\/03\/Kirschbl\u00fcte-Geschenk-2-300x225.jpg 300w, https:\/\/www.sabine-seyffert.de\/blog\/wp-content\/uploads\/2017\/03\/Kirschbl\u00fcte-Geschenk-2-768x576.jpg 768w\" sizes=\"auto, (max-width: 800px) 100vw, 800px\" \/><\/a><\/p>\n<p style=\"text-align: justify;\">Schade daran ist nur, dass die Zeit der tollen Kirschbl\u00fcten meist viel zu schnell vor\u00fcber ist. Daran muss sich etwas \u00e4ndern. Und aus diesem Grund habe ich die wundersch\u00f6nen Bl\u00fcten (\u00e4hnlich wie bei <a href=\"http:\/\/www.sabine-seyffert.de\/blog\/verpackungsidee-eine-gaensebluemchenwiese-geburtstagsgeschenke-stimmungsvoll-verpackt-mit-bastelanleitung\/\" target=\"_blank\">dieser G\u00e4nsebl\u00fcmchen Bastelidee<\/a>) einfach als kleines Kunstwerk auf eine Geschenkverpackung gezaubert. Die M\u00fche hat sich gelohnt \ud83d\ude09<\/p>\n<p style=\"text-align: center;\"><a href=\"http:\/\/www.sabine-seyffert.de\/blog\/wp-content\/uploads\/2017\/03\/Kirschbl\u00fcte-Geschenk-13.jpg\"><img loading=\"lazy\" decoding=\"async\" class=\"alignnone size-full wp-image-10062\" src=\"http:\/\/www.sabine-seyffert.de\/blog\/wp-content\/uploads\/2017\/03\/Kirschbl\u00fcte-Geschenk-13.jpg\" alt=\"\" width=\"800\" height=\"600\" srcset=\"https:\/\/www.sabine-seyffert.de\/blog\/wp-content\/uploads\/2017\/03\/Kirschbl\u00fcte-Geschenk-13.jpg 800w, https:\/\/www.sabine-seyffert.de\/blog\/wp-content\/uploads\/2017\/03\/Kirschbl\u00fcte-Geschenk-13-300x225.jpg 300w, https:\/\/www.sabine-seyffert.de\/blog\/wp-content\/uploads\/2017\/03\/Kirschbl\u00fcte-Geschenk-13-768x576.jpg 768w\" sizes=\"auto, (max-width: 800px) 100vw, 800px\" \/><\/a><\/p>\n<p style=\"text-align: justify;\"><strong>Das wird gebraucht:<\/strong><br \/>\nUni wei\u00dfes Packpapier \/ Geschenkpapier, eine Bastelschere, Bastelkleber, rosa Seidenpapier, Tonkarton in rosa, ein Motivlocher \u201eBl\u00fcte\u201c, kleine Glasperlen<\/p>\n<p style=\"text-align: center;\"><a href=\"http:\/\/www.sabine-seyffert.de\/blog\/wp-content\/uploads\/2017\/03\/Kirschbl\u00fcte-Geschenk-12.jpg\"><img loading=\"lazy\" decoding=\"async\" class=\"alignnone size-full wp-image-10063\" src=\"http:\/\/www.sabine-seyffert.de\/blog\/wp-content\/uploads\/2017\/03\/Kirschbl\u00fcte-Geschenk-12.jpg\" alt=\"\" width=\"800\" height=\"600\" srcset=\"https:\/\/www.sabine-seyffert.de\/blog\/wp-content\/uploads\/2017\/03\/Kirschbl\u00fcte-Geschenk-12.jpg 800w, https:\/\/www.sabine-seyffert.de\/blog\/wp-content\/uploads\/2017\/03\/Kirschbl\u00fcte-Geschenk-12-300x225.jpg 300w, https:\/\/www.sabine-seyffert.de\/blog\/wp-content\/uploads\/2017\/03\/Kirschbl\u00fcte-Geschenk-12-768x576.jpg 768w\" sizes=\"auto, (max-width: 800px) 100vw, 800px\" \/><\/a><\/p>\n<p style=\"text-align: justify;\"><strong>So wird\u2019s gemacht:<\/strong><br \/>\nDamit die prachtvollen Bl\u00fcten besser wirken, habe ich dieses Mal mein Geschenk in uni wei\u00dfes Papier verpackt. So kommt das zarte Rosa besser zur Geltung und die Bl\u00fcten fallen gleich ins Auge.<\/p>\n<p style=\"text-align: center;\"><a href=\"http:\/\/www.sabine-seyffert.de\/blog\/wp-content\/uploads\/2017\/03\/Kirschbl\u00fcte-Geschenk-3.jpg\"><img loading=\"lazy\" decoding=\"async\" class=\"alignnone size-full wp-image-10064\" src=\"http:\/\/www.sabine-seyffert.de\/blog\/wp-content\/uploads\/2017\/03\/Kirschbl\u00fcte-Geschenk-3.jpg\" alt=\"\" width=\"800\" height=\"600\" srcset=\"https:\/\/www.sabine-seyffert.de\/blog\/wp-content\/uploads\/2017\/03\/Kirschbl\u00fcte-Geschenk-3.jpg 800w, https:\/\/www.sabine-seyffert.de\/blog\/wp-content\/uploads\/2017\/03\/Kirschbl\u00fcte-Geschenk-3-300x225.jpg 300w, https:\/\/www.sabine-seyffert.de\/blog\/wp-content\/uploads\/2017\/03\/Kirschbl\u00fcte-Geschenk-3-768x576.jpg 768w\" sizes=\"auto, (max-width: 800px) 100vw, 800px\" \/><\/a><\/p>\n<p style=\"text-align: justify;\">Um die Kirschbl\u00fcten zu basteln habe ich es mir ganz einfach gemacht und einen meiner Motivlocher mit Bl\u00fctenmotiv verwendet. Pro Kirschbl\u00fcte habe ich zwei Papierbl\u00fcten gestanzt, die ich versetzt \u00fcbereinander geklebt und die Bl\u00fctenbl\u00e4tter leicht nach oben gezogen habe. Dadurch wirken die Bl\u00fcten viel plastischer.<\/p>\n<p style=\"text-align: center;\"><a href=\"http:\/\/www.sabine-seyffert.de\/blog\/wp-content\/uploads\/2017\/03\/Kirschbl\u00fcte-Geschenk-7.jpg\"><img loading=\"lazy\" decoding=\"async\" class=\"alignnone size-full wp-image-10065\" src=\"http:\/\/www.sabine-seyffert.de\/blog\/wp-content\/uploads\/2017\/03\/Kirschbl\u00fcte-Geschenk-7.jpg\" alt=\"\" width=\"800\" height=\"600\" srcset=\"https:\/\/www.sabine-seyffert.de\/blog\/wp-content\/uploads\/2017\/03\/Kirschbl\u00fcte-Geschenk-7.jpg 800w, https:\/\/www.sabine-seyffert.de\/blog\/wp-content\/uploads\/2017\/03\/Kirschbl\u00fcte-Geschenk-7-300x225.jpg 300w, https:\/\/www.sabine-seyffert.de\/blog\/wp-content\/uploads\/2017\/03\/Kirschbl\u00fcte-Geschenk-7-768x576.jpg 768w\" sizes=\"auto, (max-width: 800px) 100vw, 800px\" \/><\/a><\/p>\n<p style=\"text-align: justify;\">Au\u00dferdem habe ich das Innere der Papierbl\u00fcten mit farblich passendem Seidenpapier gef\u00fcllt. Daf\u00fcr rei\u00dft man sich ein St\u00fcck Seidenpapier vom Bogen und rollt diese mit den Fingern zu einer kleinen Papierkugel. Hat die Kugel die gew\u00fcnschte Form klebt man die einfach mittig in die Papierbl\u00fcte hinein.<\/p>\n<p style=\"text-align: center;\"><a href=\"http:\/\/www.sabine-seyffert.de\/blog\/wp-content\/uploads\/2017\/03\/Kirschbl\u00fcte-Geschenk-6.jpg\"><img loading=\"lazy\" decoding=\"async\" class=\"alignnone size-full wp-image-10066\" src=\"http:\/\/www.sabine-seyffert.de\/blog\/wp-content\/uploads\/2017\/03\/Kirschbl\u00fcte-Geschenk-6.jpg\" alt=\"\" width=\"800\" height=\"600\" srcset=\"https:\/\/www.sabine-seyffert.de\/blog\/wp-content\/uploads\/2017\/03\/Kirschbl\u00fcte-Geschenk-6.jpg 800w, https:\/\/www.sabine-seyffert.de\/blog\/wp-content\/uploads\/2017\/03\/Kirschbl\u00fcte-Geschenk-6-300x225.jpg 300w, https:\/\/www.sabine-seyffert.de\/blog\/wp-content\/uploads\/2017\/03\/Kirschbl\u00fcte-Geschenk-6-768x576.jpg 768w\" sizes=\"auto, (max-width: 800px) 100vw, 800px\" \/><\/a><\/p>\n<p style=\"text-align: justify;\">Au\u00dferdem habe ich auf den kleinen \u201eSeidenpapierball\u201c eine durchsichtige Glaskugel geklebt. Wenn man keinen fl\u00fcssigen Kleber verwendet, sollte man die Perlen besser mit einem Tropfen Hei\u00dfkleber befestigen, damit diese auch kleben bleiben.<\/p>\n<p style=\"text-align: center;\"><a href=\"http:\/\/www.sabine-seyffert.de\/blog\/wp-content\/uploads\/2017\/03\/Kirschbl\u00fcte-Geschenk-10.jpg\"><img loading=\"lazy\" decoding=\"async\" class=\"alignnone size-full wp-image-10067\" src=\"http:\/\/www.sabine-seyffert.de\/blog\/wp-content\/uploads\/2017\/03\/Kirschbl\u00fcte-Geschenk-10.jpg\" alt=\"\" width=\"600\" height=\"800\" srcset=\"https:\/\/www.sabine-seyffert.de\/blog\/wp-content\/uploads\/2017\/03\/Kirschbl\u00fcte-Geschenk-10.jpg 600w, https:\/\/www.sabine-seyffert.de\/blog\/wp-content\/uploads\/2017\/03\/Kirschbl\u00fcte-Geschenk-10-225x300.jpg 225w\" sizes=\"auto, (max-width: 600px) 100vw, 600px\" \/><\/a><\/p>\n<p style=\"text-align: justify;\">Die gebastelten Kirschbl\u00fcten habe ich in einem gro\u00dfen Kreis als eine Art Fr\u00fchlingskranz auf dem verpackten Geburtstagsgeschenk aufgeklebt.<\/p>\n<p style=\"text-align: center;\"><a href=\"http:\/\/www.sabine-seyffert.de\/blog\/wp-content\/uploads\/2017\/03\/Kirschbl\u00fcte-Geschenk-4.jpg\"><img loading=\"lazy\" decoding=\"async\" class=\"alignnone size-full wp-image-10068\" src=\"http:\/\/www.sabine-seyffert.de\/blog\/wp-content\/uploads\/2017\/03\/Kirschbl\u00fcte-Geschenk-4.jpg\" alt=\"\" width=\"800\" height=\"600\" srcset=\"https:\/\/www.sabine-seyffert.de\/blog\/wp-content\/uploads\/2017\/03\/Kirschbl\u00fcte-Geschenk-4.jpg 800w, https:\/\/www.sabine-seyffert.de\/blog\/wp-content\/uploads\/2017\/03\/Kirschbl\u00fcte-Geschenk-4-300x225.jpg 300w, https:\/\/www.sabine-seyffert.de\/blog\/wp-content\/uploads\/2017\/03\/Kirschbl\u00fcte-Geschenk-4-768x576.jpg 768w\" sizes=\"auto, (max-width: 800px) 100vw, 800px\" \/><\/a><\/p>\n<p style=\"text-align: justify;\">Weitere Ideen f\u00fcr selbst gemachte Geschenkverpackungen gibt es in <a href=\"http:\/\/www.sabine-seyffert.de\/blog\/category\/verpackungsideen\/\" target=\"_blank\">dieser Rubrik<\/a>, alles rund um den Fr\u00fchling <a href=\"http:\/\/www.sabine-seyffert.de\/blog\/category\/fruhling\/\" target=\"_blank\">hier<\/a> und andere kreative Dingen <a href=\"http:\/\/www.creadienstag.de\/2017\/03\/272.html\" target=\"_blank\">da<\/a>.<\/p>\n<p style=\"text-align: center;\"><a href=\"http:\/\/www.sabine-seyffert.de\/blog\/wp-content\/uploads\/2017\/03\/Kirschbl\u00fcte-Geschenk-1.jpg\"><img loading=\"lazy\" decoding=\"async\" class=\"alignnone size-full wp-image-10069\" src=\"http:\/\/www.sabine-seyffert.de\/blog\/wp-content\/uploads\/2017\/03\/Kirschbl\u00fcte-Geschenk-1.jpg\" alt=\"\" width=\"800\" height=\"600\" srcset=\"https:\/\/www.sabine-seyffert.de\/blog\/wp-content\/uploads\/2017\/03\/Kirschbl\u00fcte-Geschenk-1.jpg 800w, https:\/\/www.sabine-seyffert.de\/blog\/wp-content\/uploads\/2017\/03\/Kirschbl\u00fcte-Geschenk-1-300x225.jpg 300w, https:\/\/www.sabine-seyffert.de\/blog\/wp-content\/uploads\/2017\/03\/Kirschbl\u00fcte-Geschenk-1-768x576.jpg 768w\" sizes=\"auto, (max-width: 800px) 100vw, 800px\" \/><\/a><\/p>\n<p><a href=\"http:\/\/www.sabine-seyffert.de\/blog\/?page_id=32#urheberrecht\">urheberrechtlich gesch\u00fctzt<\/a>, \u00a9 Sabine Seyffert<\/p>\n","protected":false},"excerpt":{"rendered":"<p>Jedes Jahr, wenn am Kirschbaum die ersten Bl\u00fcten sprie\u00dfen, h\u00fcpft mein Herz vor Freude. Ich mag die zarten, so filigranen Bl\u00fcten sehr und genie\u00dfe jeden Tag, an dem diese Bl\u00fcten am Baum zu finden sind. Nat\u00fcrlich sind diese immer wieder ein ganz begehrtes Foto Objekt. Schade daran ist nur, dass die Zeit der tollen Kirschbl\u00fcten&#8230; <a href=\"https:\/\/www.sabine-seyffert.de\/blog\/verpackungsliebe-im-fruehling-geschenke-verpacken-im-zarten-fruehlingslook-mit-kleinen-kirschblueten\/\" class=\"more-link\">Read more: Verpackungsliebe im Fr\u00fchling: Geschenke verpacken im zarten Fr\u00fchlingslook mit kleinen Kirschbl\u00fcten<\/a><\/p>\n","protected":false},"author":2,"featured_media":0,"comment_status":"open","ping_status":"open","sticky":false,"template":"","format":"standard","meta":{"_metis_text_type":"","_metis_text_length":2153,"_post_count":0,"footnotes":""},"categories":[23,49],"tags":[],"class_list":["post-10060","post","type-post","status-publish","format-standard","hentry","category-fruhling","category-verpackungsideen"],"_links":{"self":[{"href":"https:\/\/www.sabine-seyffert.de\/blog\/wp-json\/wp\/v2\/posts\/10060","targetHints":{"allow":["GET"]}}],"collection":[{"href":"https:\/\/www.sabine-seyffert.de\/blog\/wp-json\/wp\/v2\/posts"}],"about":[{"href":"https:\/\/www.sabine-seyffert.de\/blog\/wp-json\/wp\/v2\/types\/post"}],"author":[{"embeddable":true,"href":"https:\/\/www.sabine-seyffert.de\/blog\/wp-json\/wp\/v2\/users\/2"}],"replies":[{"embeddable":true,"href":"https:\/\/www.sabine-seyffert.de\/blog\/wp-json\/wp\/v2\/comments?post=10060"}],"version-history":[{"count":3,"href":"https:\/\/www.sabine-seyffert.de\/blog\/wp-json\/wp\/v2\/posts\/10060\/revisions"}],"predecessor-version":[{"id":10072,"href":"https:\/\/www.sabine-seyffert.de\/blog\/wp-json\/wp\/v2\/posts\/10060\/revisions\/10072"}],"wp:attachment":[{"href":"https:\/\/www.sabine-seyffert.de\/blog\/wp-json\/wp\/v2\/media?parent=10060"}],"wp:term":[{"taxonomy":"category","embeddable":true,"href":"https:\/\/www.sabine-seyffert.de\/blog\/wp-json\/wp\/v2\/categories?post=10060"},{"taxonomy":"post_tag","embeddable":true,"href":"https:\/\/www.sabine-seyffert.de\/blog\/wp-json\/wp\/v2\/tags?post=10060"}],"curies":[{"name":"wp","href":"https:\/\/api.w.org\/{rel}","templated":true}]}}