{"id":1,"date":"2013-01-15T07:35:03","date_gmt":"2013-01-15T05:35:03","guid":{"rendered":"http:\/\/www.net-auftritt.de\/sabine-seyffert\/?p=1"},"modified":"2015-09-21T18:24:22","modified_gmt":"2015-09-21T16:24:22","slug":"hallo-welt","status":"publish","type":"post","link":"https:\/\/www.sabine-seyffert.de\/blog\/hallo-welt\/","title":{"rendered":"Herzlich Willkommen auf meiner Insel der Stille!"},"content":{"rendered":"<p style=\"text-align: justify;\"><img loading=\"lazy\" decoding=\"async\" src=\"https:\/\/ssl-vg03.met.vgwort.de\/na\/db16c9e4b1254f02848836f9ea914f84\" alt=\"\" width=\"1\" height=\"1\" \/>Das neue Jahr hat begonnen und somit ist es f\u00fcr mich an der Zeit wieder neue Ideen in die Tat umzusetzen. Daher gibt es nun endlich einen Blog auf dem ich regelm\u00e4\u00dfig kreative Ideen und vor allen Dingen aber Entspannungsr\u00e4tsel, Fantasiereisen und andere sch\u00f6ne Dinge zum Thema Entspannen mit Kindern n\u00e4her vorstellen m\u00f6chte: Mal ganz Neue und sicher auch mal alt Bew\u00e4hrtes aus meinen B\u00fcchern. Bei einem Gespr\u00e4ch mit einem Verlag kam vor kurzem die Frage auf, wie viele B\u00fccher ich inzwischen \u00fcberhaupt ver\u00f6ffentlicht habe. Ehrlich gesagt, musste ich passen, da ich irgendwann aufgeh\u00f6rt habe diese zu z\u00e4hlen. Viel interessanter ist es doch wie ein Buch langsam entsteht. Daher an dieser Stelle ein kleiner Einblick in eine gerade geborene Buchidee:<\/p>\n<p style=\"text-align: justify;\">Zum Jahresbeginn habe ich endlich mal wieder lange und ausgiebig mit meiner lieben Kollegin <a href=\"http:\/\/susanne-krauss.blogspot.de\/\" target=\"_blank\">Susanne Krauss<\/a> telefoniert, die ich pers\u00f6nlich sehr sch\u00e4tze und die eine ganze Reihe meiner bisher erschienenen B\u00fccher wundervoll und ganz liebevoll illustriert hat. Unser letztes gemeinsames Projekt liegt bedauerlicherweise schon eine ganze Weile zur\u00fcck. \u00a0Und da die Zusammenarbeit immer gro\u00dfen Spa\u00df gemacht hat und wir endlich mal wieder ein Buchprojekt gemeinsam auf die Beine stellen wollten, haben wir uns gegenseitig inspiriert und allerhand neue Ideen w\u00e4hrend des Gespr\u00e4chs ausgedacht. Eine Buchidee zum Thema Weihnachten hat uns beiden auf Anhieb so gut gefallen, dass ich mich sogleich hoch motiviert ans Werk gemacht habe um Ideen und Material zu sammeln und einiges davon gleich anzufertigen, damit Susanne es \u201ein Szene setzen\u201c und fotografieren kann.<\/p>\n<p style=\"text-align: justify;\">Da schien es mir recht passend, dass ein Gro\u00dfteil unserer Weihnachtsdekoration noch das Wohnzimmer schm\u00fcckte, weil es mir bislang an Zeit (und zugegeben auch die Lust\u2026) fehlte diese wieder zu verstauen. Denn ich liebe die Weihnachtszeit mit all ihrem Lichterglanz und der Gem\u00fctlichkeit.<\/p>\n<p style=\"text-align: justify;\">So haben meine zwei j\u00fcngsten T\u00f6chter und ich vier Tage lang gebastelt, gen\u00e4ht, geklebt gemalt und allerhand Dinge in die Tat umgesetzt. Eine sehr gute Voraussetzungen um alles auch in schriftlicher Form zu Papier zu bringen. Da ich so gleich sehe, was sich machen l\u00e4sst und wo besser noch eine Kleinigkeit ge\u00e4ndert werden muss!<\/p>\n<p><a href=\"http:\/\/www.sabine-seyffert.de\/blog\/?attachment_id=82#main\" rel=\"attachment wp-att-82\"><img loading=\"lazy\" decoding=\"async\" class=\"size-full wp-image-82 aligncenter\" src=\"http:\/\/www.sabine-seyffert.de\/blog\/wp-content\/uploads\/2013\/01\/stern-blog.gif\" alt=\"stern blog\" width=\"300\" height=\"226\" \/><\/a><\/p>\n<p style=\"text-align: justify;\">Mehr zum genauen Inhalt kann ich zum jetzigen Zeitpunkt nat\u00fcrlich leider noch nicht verraten\u2026<\/p>\n<p style=\"text-align: justify;\">Das riesige Paket macht sich heute auf den Weg nach M\u00fcnchen zu Susanne. Bevor es als Entwurf an verschiedene Verlage gehen wird, die hoffentlich neugierig sind und sich das geplante Buch im Programm vorstellen k\u00f6nnen. Nun hei\u00dft es Daumen dr\u00fccken und geduldig warten\u2026 Und f\u00fcr die restliche Weihnachtsdeko im Hause Seyffert hie\u00df es heute Abschied nehmen bis zur n\u00e4chsten Weihnachtszeit!<\/p>\n<p style=\"text-align: justify;\">Ich hoffe dass die Ideen in meinem Blog zum Mitmachen, Ausprobieren, Tr\u00e4umen und Entspannen inspirieren und w\u00fcrde mich sehr \u00fcber R\u00fcckmeldungen und Zuschriften freuen!<\/p>\n<p style=\"text-align: justify;\">Mit entspannten Gr\u00fc\u00dfen,<\/p>\n<p style=\"text-align: justify;\">Sabine Seyffert<\/p>\n<p style=\"text-align: right;\">\u00a9 Sabine Seyffert<\/p>\n<p style=\"text-align: justify;\">\n","protected":false},"excerpt":{"rendered":"<p>Das neue Jahr hat begonnen und somit ist es f\u00fcr mich an der Zeit wieder neue Ideen in die Tat umzusetzen. Daher gibt es nun endlich einen Blog auf dem ich regelm\u00e4\u00dfig kreative Ideen und vor allen Dingen aber Entspannungsr\u00e4tsel, Fantasiereisen und andere sch\u00f6ne Dinge zum Thema Entspannen mit Kindern n\u00e4her vorstellen m\u00f6chte: Mal ganz&#8230; <a href=\"https:\/\/www.sabine-seyffert.de\/blog\/hallo-welt\/\" class=\"more-link\">Read more: Herzlich Willkommen auf meiner Insel der Stille!<\/a><\/p>\n","protected":false},"author":1,"featured_media":0,"comment_status":"open","ping_status":"open","sticky":false,"template":"","format":"standard","meta":{"_metis_text_type":"","_metis_text_length":2919,"_post_count":0,"footnotes":""},"categories":[20],"tags":[],"class_list":["post-1","post","type-post","status-publish","format-standard","hentry","category-bucher"],"_links":{"self":[{"href":"https:\/\/www.sabine-seyffert.de\/blog\/wp-json\/wp\/v2\/posts\/1","targetHints":{"allow":["GET"]}}],"collection":[{"href":"https:\/\/www.sabine-seyffert.de\/blog\/wp-json\/wp\/v2\/posts"}],"about":[{"href":"https:\/\/www.sabine-seyffert.de\/blog\/wp-json\/wp\/v2\/types\/post"}],"author":[{"embeddable":true,"href":"https:\/\/www.sabine-seyffert.de\/blog\/wp-json\/wp\/v2\/users\/1"}],"replies":[{"embeddable":true,"href":"https:\/\/www.sabine-seyffert.de\/blog\/wp-json\/wp\/v2\/comments?post=1"}],"version-history":[{"count":13,"href":"https:\/\/www.sabine-seyffert.de\/blog\/wp-json\/wp\/v2\/posts\/1\/revisions"}],"predecessor-version":[{"id":6122,"href":"https:\/\/www.sabine-seyffert.de\/blog\/wp-json\/wp\/v2\/posts\/1\/revisions\/6122"}],"wp:attachment":[{"href":"https:\/\/www.sabine-seyffert.de\/blog\/wp-json\/wp\/v2\/media?parent=1"}],"wp:term":[{"taxonomy":"category","embeddable":true,"href":"https:\/\/www.sabine-seyffert.de\/blog\/wp-json\/wp\/v2\/categories?post=1"},{"taxonomy":"post_tag","embeddable":true,"href":"https:\/\/www.sabine-seyffert.de\/blog\/wp-json\/wp\/v2\/tags?post=1"}],"curies":[{"name":"wp","href":"https:\/\/api.w.org\/{rel}","templated":true}]}}